{"id":13906,"date":"2024-02-01T14:30:18","date_gmt":"2024-02-01T13:30:18","guid":{"rendered":"https:\/\/www.lavedetterestaurant.com\/?p=13906"},"modified":"2024-03-05T09:37:27","modified_gmt":"2024-03-05T08:37:27","slug":"crepes-sense-lactosa-ni-gluten-delicies-versatils-per-a-qualsevol-ocasio","status":"publish","type":"post","link":"https:\/\/www.lavedetterestaurant.com\/fr\/crepes-sense-lactosa-ni-gluten-delicies-versatils-per-a-qualsevol-ocasio\/","title":{"rendered":"Cr\u00eapes sans lactose ni gluten : D\u00e9lices polyvalents pour toute occasion"},"content":{"rendered":"<p class=\"p1\"><span class=\"s1\">Les cr\u00eapes sont un tr\u00e9sor culinaire qui peut \u00eatre appr\u00e9ci\u00e9 de plusieurs mani\u00e8res. Que vous recherchiez une option sucr\u00e9e ou sal\u00e9e, les cr\u00eapes sans lactose ni gluten offrent une alternative d\u00e9licieuse pour tous les go\u00fbts. Ci-dessous, nous vous pr\u00e9sentons deux recettes polyvalentes pour satisfaire vos envies, que ce soit pour des cr\u00eapes classiques sucr\u00e9es ou pour de d\u00e9licieuses galettes bretonnes sal\u00e9es.<\/span><\/p>\n<h2 class=\"p1\"><strong><span class=\"s1\">Cr\u00eapes sucr\u00e9es sans lactose ni gluten<\/span><\/strong><\/h2>\n<h3 class=\"p1\"><span class=\"s1\">Ingr\u00e9dients :<\/span><\/h3>\n<ul>\n<li class=\"p1\"><span class=\"s1\">1 tasse de farine d'amande.<\/span><\/li>\n<li class=\"p1\"><span class=\"s1\">2 \u0153ufs.<\/span><\/li>\n<li class=\"p1\"><span class=\"s1\">1\/2 tasse de lait d'amande (ou tout autre lait sans lactose).<\/span><\/li>\n<li class=\"p1\"><span class=\"s1\">2 cuill\u00e8res \u00e0 soupe d'huile de coco.<\/span><\/li>\n<li class=\"p1\"><span class=\"s1\">2 cuill\u00e8res \u00e0 soupe de sirop d'\u00e9rable ou tout autre \u00e9dulcorant naturel.<\/span><\/li>\n<li class=\"p1\"><span class=\"s1\">1 cuill\u00e8re \u00e0 caf\u00e9 d'extrait de vanille.<\/span><\/li>\n<li class=\"p1\"><span class=\"s1\">Un peu de sel.<\/span><\/li>\n<\/ul>\n<h3><span class=\"s1\">Pr\u00e9paration de la p\u00e2te :<\/span><\/h3>\n<ol>\n<li><span class=\"s1\">Dans un grand bol, m\u00e9langez la farine d'amande et le sel.<\/span><\/li>\n<li><span class=\"s1\">Dans un autre bol, battez les \u0153ufs, puis ajoutez le lait d'amande, l'huile de coco fondue, le sirop d'\u00e9rable et l'extrait de vanille. M\u00e9langez bien.<\/span><\/li>\n<li><span class=\"s1\">Versez le m\u00e9lange liquide sur les ingr\u00e9dients secs et m\u00e9langez jusqu'\u00e0 obtenir une p\u00e2te lisse et homog\u00e8ne.<\/span><\/li>\n<\/ol>\n<h3 class=\"p1\"><span class=\"s1\">Cuisson des cr\u00eapes sucr\u00e9es :<\/span><\/h3>\n<ol>\n<li class=\"p1\"><span class=\"s1\">Chauffez une po\u00eale antiadh\u00e9sive \u00e0 feu moyen et graissez-la l\u00e9g\u00e8rement avec de l'huile de coco.<\/span><\/li>\n<li class=\"p1\"><span class=\"s1\">Versez une portion de p\u00e2te dans la po\u00eale chaude et retournez-la rapidement pour \u00e9taler la p\u00e2te en une couche fine et uniforme.<\/span><\/li>\n<li class=\"p1\"><span class=\"s1\">Faites cuire les cr\u00eapes pendant environ 2 minutes de chaque c\u00f4t\u00e9, jusqu'\u00e0 ce qu'elles soient dor\u00e9es et l\u00e9g\u00e8rement croustillantes.<\/span><\/li>\n<\/ol>\n<h3 class=\"p1\"><span class=\"s1\">Id\u00e9es de garniture pour les cr\u00eapes sucr\u00e9es sans lactose ni gluten :<\/span><\/h3>\n<ul>\n<li class=\"p1\"><span class=\"s1\">Cr\u00eapes aux fraises et cr\u00e8me de coco : <\/span><span class=\"s1\">Garnissez les cr\u00eapes de fraises fra\u00eeches coup\u00e9es en tranches et d'une cuiller\u00e9e de cr\u00e8me de coco fouett\u00e9e. D\u00e9corez avec des feuilles de menthe fra\u00eeche.<\/span><\/li>\n<li class=\"p1\"><span class=\"s1\">Cr\u00eapes banane-chocolat : <\/span><span class=\"s1\">Disposez des tranches de banane fra\u00eeche sur les cr\u00eapes et ajoutez un peu de chocolat noir fondu. Vous pouvez ajouter des noix hach\u00e9es pour une touche sp\u00e9ciale.<\/span><\/li>\n<li class=\"p1\"><span class=\"s1\">Cr\u00eapes aux fruits tropicaux : <\/span><span class=\"s1\">Garnissez les cr\u00eapes de morceaux de mangue, d'ananas et de kiwi. Ajoutez une touche de miel ou de sirop d'\u00e9rable pour rehausser les saveurs.<\/span><\/li>\n<\/ul>\n<p><img fetchpriority=\"high\" decoding=\"async\" class=\"alignnone wp-image-13910 size-full\" src=\"https:\/\/www.lavedetterestaurant.com\/wp-content\/uploads\/2024\/03\/1.jpg\" alt=\"\" width=\"1150\" height=\"400\" srcset=\"https:\/\/www.lavedetterestaurant.com\/wp-content\/uploads\/2024\/03\/1.jpg 1150w, https:\/\/www.lavedetterestaurant.com\/wp-content\/uploads\/2024\/03\/1-300x104.jpg 300w, https:\/\/www.lavedetterestaurant.com\/wp-content\/uploads\/2024\/03\/1-1024x356.jpg 1024w, https:\/\/www.lavedetterestaurant.com\/wp-content\/uploads\/2024\/03\/1-768x267.jpg 768w, https:\/\/www.lavedetterestaurant.com\/wp-content\/uploads\/2024\/03\/1-18x6.jpg 18w\" sizes=\"(max-width: 1150px) 100vw, 1150px\" \/><\/p>\n<h2 class=\"p1\"><strong><span class=\"s1\">Galettes bretonnes sal\u00e9es sans lactose ni gluten<\/span><\/strong><\/h2>\n<h3 class=\"p1\"><span class=\"s1\">Ingr\u00e9dients :<\/span><\/h3>\n<ul>\n<li class=\"p1\"><span class=\"s1\">1 tasse de farine de sarrasin.<\/span><\/li>\n<li class=\"p1\"><span class=\"s1\">1 \u0153uf.<\/span><\/li>\n<li class=\"p1\"><span class=\"s1\">1\/2 tasse d'eau.<\/span><\/li>\n<li class=\"p1\"><span class=\"s1\">1 cuill\u00e8re \u00e0 soupe d'huile d'olive.<\/span><\/li>\n<li class=\"p1\"><span class=\"s1\">Un peu de sel.<\/span><\/li>\n<\/ul>\n<h3><span class=\"s1\">Pr\u00e9paration de la p\u00e2te des galettes :<\/span><\/h3>\n<ol>\n<li class=\"p1\"><span class=\"s1\">Dans un grand bol, m\u00e9langez la farine de sarrasin et le sel.<\/span><\/li>\n<li class=\"p1\"><span class=\"s1\">Ajoutez l'\u0153uf et l'eau progressivement, en battant jusqu'\u00e0 obtenir un m\u00e9lange lisse et homog\u00e8ne.<\/span><\/li>\n<li class=\"p1\"><span class=\"s1\">Ajoutez l'huile d'olive et m\u00e9langez bien.<\/span><\/li>\n<\/ol>\n<h3 class=\"p1\"><span class=\"s1\">Cuisson des galettes bretonnes :<\/span><\/h3>\n<ol>\n<li class=\"p1\"><span class=\"s1\">Chauffez une po\u00eale antiadh\u00e9sive \u00e0 feu moyen et graissez-la l\u00e9g\u00e8rement avec de l'huile d'olive.<\/span><\/li>\n<li class=\"p1\"><span class=\"s1\">Versez une portion de p\u00e2te dans la po\u00eale chaude et retournez-la rapidement pour \u00e9taler la p\u00e2te en une couche fine et uniforme.<\/span><\/li>\n<li class=\"p1\"><span class=\"s1\">Faites cuire les galettes pendant environ 2 \u00e0 3 minutes de chaque c\u00f4t\u00e9, jusqu'\u00e0 ce qu'elles soient dor\u00e9es et l\u00e9g\u00e8rement croustillantes.<\/span><\/li>\n<\/ol>\n<h3 class=\"p1\"><span class=\"s1\">Id\u00e9es de garniture pour les galettes sal\u00e9es sans lactose ni gluten :<\/span><\/h3>\n<ul>\n<li class=\"p1\"><span class=\"s1\">Galette aux \u00e9pinards et champignons :\u00a0<\/span><span class=\"s1\">Garnissez la galette d'\u00e9pinards saut\u00e9s, de champignons coup\u00e9s en rondelles et d'un peu de fromage v\u00e9g\u00e9talien r\u00e2p\u00e9.<\/span><\/li>\n<li class=\"p1\"><span class=\"s1\">Galette tomate-basilic :\u00a0<\/span><span class=\"s1\">Disposez des rondelles de tomate fra\u00eeche et des feuilles de basilic sur la galette. Assaisonnez avec du sel et du poivre selon votre go\u00fbt.<\/span><\/li>\n<li class=\"p1\"><span class=\"s1\">Galette aux poivrons r\u00f4tis et houmous :\u00a0<\/span><span class=\"s1\">\u00c9talez une couche de houmous sur la galette et disposez des lani\u00e8res de poivrons r\u00f4tis par-dessus. Servez avec des feuilles de roquette fra\u00eeche.<\/span><\/li>\n<\/ul>\n<p><img decoding=\"async\" class=\"alignnone wp-image-13911 size-full\" src=\"https:\/\/www.lavedetterestaurant.com\/wp-content\/uploads\/2024\/03\/2.jpg\" alt=\"\" width=\"1150\" height=\"400\" srcset=\"https:\/\/www.lavedetterestaurant.com\/wp-content\/uploads\/2024\/03\/2.jpg 1150w, https:\/\/www.lavedetterestaurant.com\/wp-content\/uploads\/2024\/03\/2-300x104.jpg 300w, https:\/\/www.lavedetterestaurant.com\/wp-content\/uploads\/2024\/03\/2-1024x356.jpg 1024w, https:\/\/www.lavedetterestaurant.com\/wp-content\/uploads\/2024\/03\/2-768x267.jpg 768w, https:\/\/www.lavedetterestaurant.com\/wp-content\/uploads\/2024\/03\/2-18x6.jpg 18w\" sizes=\"(max-width: 1150px) 100vw, 1150px\" \/><\/p>\n<p class=\"p1\"><span class=\"s1\">Avec ces recettes, vous pourrez d\u00e9guster de d\u00e9licieuses cr\u00eapes sucr\u00e9es et galettes sal\u00e9es sans lactose ni gluten \u00e0 tout moment. Que ce soit pour le petit-d\u00e9jeuner, le d\u00e9jeuner ou le d\u00eener, ces options polyvalentes sont un excellent moyen de satisfaire votre palais et de rester fid\u00e8le \u00e0 vos pr\u00e9f\u00e9rences alimentaires. Essayez-les et d\u00e9couvrez toute leur saveur et leur texture uniques !<\/span><\/p>\n<p class=\"p1\"><span class=\"s1\">Si vous pr\u00e9f\u00e9rez laisser la cuisine de c\u00f4t\u00e9 et d\u00e9guster des cr\u00eapes sucr\u00e9es et des galettes bretonnes, nous vous invitons \u00e0 visiter La Vedette, o\u00f9 vous pourrez trouver une large gamme d'options pour un v\u00e9ritable plaisir gastronomique.<\/span><\/p>\n<p>&nbsp;<\/p>\n<p>&nbsp;<\/p>","protected":false},"excerpt":{"rendered":"<p>Les creps s\u00f3n un tresor culinari que es pot gaudir de diverses maneres. Siguis a la recerca d&#8217;una opci\u00f3 dol\u00e7a o salada, les creps sense lactosa ni gluten ofereixen una alternativa deliciosa per a tots els gustos. A continuaci\u00f3, us presentem dues receptes vers\u00e0tils per satisfer les vostres ganes, sigui per a creps cl\u00e0ssiques dolces [&hellip;]<\/p>\n","protected":false},"author":1,"featured_media":13912,"comment_status":"open","ping_status":"open","sticky":false,"template":"","format":"standard","meta":{"footnotes":""},"categories":[1],"tags":[],"class_list":["post-13906","post","type-post","status-publish","format-standard","has-post-thumbnail","hentry","category-uncategorized"],"yoast_head":"<!-- This site is optimized with the Yoast SEO Premium plugin v21.5 (Yoast SEO v27.2) - https:\/\/yoast.com\/product\/yoast-seo-premium-wordpress\/ -->\n<title>Creps sense lactosa ni gluten: Del\u00edcies vers\u00e0tils per a qualsevol ocasi\u00f3 - La Vedette<\/title>\n<meta name=\"robots\" content=\"index, follow, max-snippet:-1, max-image-preview:large, max-video-preview:-1\" \/>\n<link rel=\"canonical\" href=\"https:\/\/www.lavedetterestaurant.com\/fr\/crepes-sense-lactosa-ni-gluten-delicies-versatils-per-a-qualsevol-ocasio\/\" \/>\n<meta property=\"og:locale\" content=\"fr_FR\" \/>\n<meta property=\"og:type\" content=\"article\" \/>\n<meta property=\"og:title\" content=\"Creps sense lactosa ni gluten: Del\u00edcies vers\u00e0tils per a qualsevol ocasi\u00f3\" \/>\n<meta property=\"og:description\" content=\"Les creps s\u00f3n un tresor culinari que es pot gaudir de diverses maneres. Siguis a la recerca d&#8217;una opci\u00f3 dol\u00e7a o salada, les creps sense lactosa ni gluten ofereixen una alternativa deliciosa per a tots els gustos. A continuaci\u00f3, us presentem dues receptes vers\u00e0tils per satisfer les vostres ganes, sigui per a creps cl\u00e0ssiques dolces [&hellip;]\" \/>\n<meta property=\"og:url\" content=\"https:\/\/www.lavedetterestaurant.com\/fr\/crepes-sense-lactosa-ni-gluten-delicies-versatils-per-a-qualsevol-ocasio\/\" \/>\n<meta property=\"og:site_name\" content=\"La Vedette\" \/>\n<meta property=\"article:publisher\" content=\"https:\/\/www.instagram.com\/lavedette00\/\" \/>\n<meta property=\"article:published_time\" content=\"2024-02-01T13:30:18+00:00\" \/>\n<meta property=\"article:modified_time\" content=\"2024-03-05T08:37:27+00:00\" \/>\n<meta property=\"og:image\" content=\"https:\/\/www.lavedetterestaurant.com\/wp-content\/uploads\/2024\/03\/3.jpg\" \/>\n\t<meta property=\"og:image:width\" content=\"1150\" \/>\n\t<meta property=\"og:image:height\" content=\"400\" \/>\n\t<meta property=\"og:image:type\" content=\"image\/jpeg\" \/>\n<meta name=\"author\" content=\"admin\" \/>\n<meta name=\"twitter:card\" content=\"summary_large_image\" \/>\n<meta name=\"twitter:label1\" content=\"\u00c9crit par\" \/>\n\t<meta name=\"twitter:data1\" content=\"admin\" \/>\n\t<meta name=\"twitter:label2\" content=\"Dur\u00e9e de lecture estim\u00e9e\" \/>\n\t<meta name=\"twitter:data2\" content=\"4 minutes\" \/>\n<script type=\"application\/ld+json\" class=\"yoast-schema-graph\">{\"@context\":\"https:\/\/schema.org\",\"@graph\":[{\"@type\":\"Article\",\"@id\":\"https:\/\/www.lavedetterestaurant.com\/crepes-sense-lactosa-ni-gluten-delicies-versatils-per-a-qualsevol-ocasio\/#article\",\"isPartOf\":{\"@id\":\"https:\/\/www.lavedetterestaurant.com\/crepes-sense-lactosa-ni-gluten-delicies-versatils-per-a-qualsevol-ocasio\/\"},\"author\":{\"name\":\"admin\",\"@id\":\"https:\/\/www.lavedetterestaurant.com\/#\/schema\/person\/9fdb6ae7384234bfdf26c5ef6bfed5e8\"},\"headline\":\"Creps sense lactosa ni gluten: Del\u00edcies vers\u00e0tils per a qualsevol ocasi\u00f3\",\"datePublished\":\"2024-02-01T13:30:18+00:00\",\"dateModified\":\"2024-03-05T08:37:27+00:00\",\"mainEntityOfPage\":{\"@id\":\"https:\/\/www.lavedetterestaurant.com\/crepes-sense-lactosa-ni-gluten-delicies-versatils-per-a-qualsevol-ocasio\/\"},\"wordCount\":645,\"commentCount\":0,\"publisher\":{\"@id\":\"https:\/\/www.lavedetterestaurant.com\/#organization\"},\"image\":{\"@id\":\"https:\/\/www.lavedetterestaurant.com\/crepes-sense-lactosa-ni-gluten-delicies-versatils-per-a-qualsevol-ocasio\/#primaryimage\"},\"thumbnailUrl\":\"https:\/\/www.lavedetterestaurant.com\/wp-content\/uploads\/2024\/03\/3.jpg\",\"articleSection\":[\"Uncategorized\"],\"inLanguage\":\"fr-FR\",\"potentialAction\":[{\"@type\":\"CommentAction\",\"name\":\"Comment\",\"target\":[\"https:\/\/www.lavedetterestaurant.com\/crepes-sense-lactosa-ni-gluten-delicies-versatils-per-a-qualsevol-ocasio\/#respond\"]}]},{\"@type\":\"WebPage\",\"@id\":\"https:\/\/www.lavedetterestaurant.com\/crepes-sense-lactosa-ni-gluten-delicies-versatils-per-a-qualsevol-ocasio\/\",\"url\":\"https:\/\/www.lavedetterestaurant.com\/crepes-sense-lactosa-ni-gluten-delicies-versatils-per-a-qualsevol-ocasio\/\",\"name\":\"Creps sense lactosa ni gluten: Del\u00edcies vers\u00e0tils per a qualsevol ocasi\u00f3 - La Vedette\",\"isPartOf\":{\"@id\":\"https:\/\/www.lavedetterestaurant.com\/#website\"},\"primaryImageOfPage\":{\"@id\":\"https:\/\/www.lavedetterestaurant.com\/crepes-sense-lactosa-ni-gluten-delicies-versatils-per-a-qualsevol-ocasio\/#primaryimage\"},\"image\":{\"@id\":\"https:\/\/www.lavedetterestaurant.com\/crepes-sense-lactosa-ni-gluten-delicies-versatils-per-a-qualsevol-ocasio\/#primaryimage\"},\"thumbnailUrl\":\"https:\/\/www.lavedetterestaurant.com\/wp-content\/uploads\/2024\/03\/3.jpg\",\"datePublished\":\"2024-02-01T13:30:18+00:00\",\"dateModified\":\"2024-03-05T08:37:27+00:00\",\"breadcrumb\":{\"@id\":\"https:\/\/www.lavedetterestaurant.com\/crepes-sense-lactosa-ni-gluten-delicies-versatils-per-a-qualsevol-ocasio\/#breadcrumb\"},\"inLanguage\":\"fr-FR\",\"potentialAction\":[{\"@type\":\"ReadAction\",\"target\":[\"https:\/\/www.lavedetterestaurant.com\/crepes-sense-lactosa-ni-gluten-delicies-versatils-per-a-qualsevol-ocasio\/\"]}]},{\"@type\":\"ImageObject\",\"inLanguage\":\"fr-FR\",\"@id\":\"https:\/\/www.lavedetterestaurant.com\/crepes-sense-lactosa-ni-gluten-delicies-versatils-per-a-qualsevol-ocasio\/#primaryimage\",\"url\":\"https:\/\/www.lavedetterestaurant.com\/wp-content\/uploads\/2024\/03\/3.jpg\",\"contentUrl\":\"https:\/\/www.lavedetterestaurant.com\/wp-content\/uploads\/2024\/03\/3.jpg\",\"width\":1150,\"height\":400},{\"@type\":\"BreadcrumbList\",\"@id\":\"https:\/\/www.lavedetterestaurant.com\/crepes-sense-lactosa-ni-gluten-delicies-versatils-per-a-qualsevol-ocasio\/#breadcrumb\",\"itemListElement\":[{\"@type\":\"ListItem\",\"position\":1,\"name\":\"Home\",\"item\":\"https:\/\/www.lavedetterestaurant.com\/\"},{\"@type\":\"ListItem\",\"position\":2,\"name\":\"Creps sense lactosa ni gluten: Del\u00edcies vers\u00e0tils per a qualsevol ocasi\u00f3\"}]},{\"@type\":\"WebSite\",\"@id\":\"https:\/\/www.lavedetterestaurant.com\/#website\",\"url\":\"https:\/\/www.lavedetterestaurant.com\/\",\"name\":\"La Vedette\",\"description\":\"Restaurant Cr\u00eaperie Bretonne La Vedette\",\"publisher\":{\"@id\":\"https:\/\/www.lavedetterestaurant.com\/#organization\"},\"potentialAction\":[{\"@type\":\"SearchAction\",\"target\":{\"@type\":\"EntryPoint\",\"urlTemplate\":\"https:\/\/www.lavedetterestaurant.com\/?s={search_term_string}\"},\"query-input\":{\"@type\":\"PropertyValueSpecification\",\"valueRequired\":true,\"valueName\":\"search_term_string\"}}],\"inLanguage\":\"fr-FR\"},{\"@type\":\"Organization\",\"@id\":\"https:\/\/www.lavedetterestaurant.com\/#organization\",\"name\":\"Restaurant Cr\u00eaperie Bretonne La Vedette\",\"url\":\"https:\/\/www.lavedetterestaurant.com\/\",\"logo\":{\"@type\":\"ImageObject\",\"inLanguage\":\"fr-FR\",\"@id\":\"https:\/\/www.lavedetterestaurant.com\/#\/schema\/logo\/image\/\",\"url\":\"https:\/\/www.lavedetterestaurant.com\/wp-content\/uploads\/2022\/01\/LOGO.png\",\"contentUrl\":\"https:\/\/www.lavedetterestaurant.com\/wp-content\/uploads\/2022\/01\/LOGO.png\",\"width\":250,\"height\":158,\"caption\":\"Restaurant Cr\u00eaperie Bretonne La Vedette\"},\"image\":{\"@id\":\"https:\/\/www.lavedetterestaurant.com\/#\/schema\/logo\/image\/\"},\"sameAs\":[\"https:\/\/www.instagram.com\/lavedette00\/\"]},{\"@type\":\"Person\",\"@id\":\"https:\/\/www.lavedetterestaurant.com\/#\/schema\/person\/9fdb6ae7384234bfdf26c5ef6bfed5e8\",\"name\":\"admin\",\"image\":{\"@type\":\"ImageObject\",\"inLanguage\":\"fr-FR\",\"@id\":\"https:\/\/secure.gravatar.com\/avatar\/83e3101f97fc71dc886e0b903e409472d7dca863641d163adef01381593450c8?s=96&d=mm&r=g\",\"url\":\"https:\/\/secure.gravatar.com\/avatar\/83e3101f97fc71dc886e0b903e409472d7dca863641d163adef01381593450c8?s=96&d=mm&r=g\",\"contentUrl\":\"https:\/\/secure.gravatar.com\/avatar\/83e3101f97fc71dc886e0b903e409472d7dca863641d163adef01381593450c8?s=96&d=mm&r=g\",\"caption\":\"admin\"},\"sameAs\":[\"https:\/\/www.lavedetterestaurant.com\"],\"url\":\"https:\/\/www.lavedetterestaurant.com\/fr\/author\/frame_r3g2tq4d\/\"}]}<\/script>\n<!-- \/ Yoast SEO Premium plugin. -->","yoast_head_json":{"title":"Creps sense lactosa ni gluten: Del\u00edcies vers\u00e0tils per a qualsevol ocasi\u00f3 - La Vedette","robots":{"index":"index","follow":"follow","max-snippet":"max-snippet:-1","max-image-preview":"max-image-preview:large","max-video-preview":"max-video-preview:-1"},"canonical":"https:\/\/www.lavedetterestaurant.com\/fr\/crepes-sense-lactosa-ni-gluten-delicies-versatils-per-a-qualsevol-ocasio\/","og_locale":"fr_FR","og_type":"article","og_title":"Creps sense lactosa ni gluten: Del\u00edcies vers\u00e0tils per a qualsevol ocasi\u00f3","og_description":"Les creps s\u00f3n un tresor culinari que es pot gaudir de diverses maneres. Siguis a la recerca d&#8217;una opci\u00f3 dol\u00e7a o salada, les creps sense lactosa ni gluten ofereixen una alternativa deliciosa per a tots els gustos. A continuaci\u00f3, us presentem dues receptes vers\u00e0tils per satisfer les vostres ganes, sigui per a creps cl\u00e0ssiques dolces [&hellip;]","og_url":"https:\/\/www.lavedetterestaurant.com\/fr\/crepes-sense-lactosa-ni-gluten-delicies-versatils-per-a-qualsevol-ocasio\/","og_site_name":"La Vedette","article_publisher":"https:\/\/www.instagram.com\/lavedette00\/","article_published_time":"2024-02-01T13:30:18+00:00","article_modified_time":"2024-03-05T08:37:27+00:00","og_image":[{"width":1150,"height":400,"url":"https:\/\/www.lavedetterestaurant.com\/wp-content\/uploads\/2024\/03\/3.jpg","type":"image\/jpeg"}],"author":"admin","twitter_card":"summary_large_image","twitter_misc":{"\u00c9crit par":"admin","Dur\u00e9e de lecture estim\u00e9e":"4 minutes"},"schema":{"@context":"https:\/\/schema.org","@graph":[{"@type":"Article","@id":"https:\/\/www.lavedetterestaurant.com\/crepes-sense-lactosa-ni-gluten-delicies-versatils-per-a-qualsevol-ocasio\/#article","isPartOf":{"@id":"https:\/\/www.lavedetterestaurant.com\/crepes-sense-lactosa-ni-gluten-delicies-versatils-per-a-qualsevol-ocasio\/"},"author":{"name":"admin","@id":"https:\/\/www.lavedetterestaurant.com\/#\/schema\/person\/9fdb6ae7384234bfdf26c5ef6bfed5e8"},"headline":"Creps sense lactosa ni gluten: Del\u00edcies vers\u00e0tils per a qualsevol ocasi\u00f3","datePublished":"2024-02-01T13:30:18+00:00","dateModified":"2024-03-05T08:37:27+00:00","mainEntityOfPage":{"@id":"https:\/\/www.lavedetterestaurant.com\/crepes-sense-lactosa-ni-gluten-delicies-versatils-per-a-qualsevol-ocasio\/"},"wordCount":645,"commentCount":0,"publisher":{"@id":"https:\/\/www.lavedetterestaurant.com\/#organization"},"image":{"@id":"https:\/\/www.lavedetterestaurant.com\/crepes-sense-lactosa-ni-gluten-delicies-versatils-per-a-qualsevol-ocasio\/#primaryimage"},"thumbnailUrl":"https:\/\/www.lavedetterestaurant.com\/wp-content\/uploads\/2024\/03\/3.jpg","articleSection":["Uncategorized"],"inLanguage":"fr-FR","potentialAction":[{"@type":"CommentAction","name":"Comment","target":["https:\/\/www.lavedetterestaurant.com\/crepes-sense-lactosa-ni-gluten-delicies-versatils-per-a-qualsevol-ocasio\/#respond"]}]},{"@type":"WebPage","@id":"https:\/\/www.lavedetterestaurant.com\/crepes-sense-lactosa-ni-gluten-delicies-versatils-per-a-qualsevol-ocasio\/","url":"https:\/\/www.lavedetterestaurant.com\/crepes-sense-lactosa-ni-gluten-delicies-versatils-per-a-qualsevol-ocasio\/","name":"Creps sense lactosa ni gluten: Del\u00edcies vers\u00e0tils per a qualsevol ocasi\u00f3 - La Vedette","isPartOf":{"@id":"https:\/\/www.lavedetterestaurant.com\/#website"},"primaryImageOfPage":{"@id":"https:\/\/www.lavedetterestaurant.com\/crepes-sense-lactosa-ni-gluten-delicies-versatils-per-a-qualsevol-ocasio\/#primaryimage"},"image":{"@id":"https:\/\/www.lavedetterestaurant.com\/crepes-sense-lactosa-ni-gluten-delicies-versatils-per-a-qualsevol-ocasio\/#primaryimage"},"thumbnailUrl":"https:\/\/www.lavedetterestaurant.com\/wp-content\/uploads\/2024\/03\/3.jpg","datePublished":"2024-02-01T13:30:18+00:00","dateModified":"2024-03-05T08:37:27+00:00","breadcrumb":{"@id":"https:\/\/www.lavedetterestaurant.com\/crepes-sense-lactosa-ni-gluten-delicies-versatils-per-a-qualsevol-ocasio\/#breadcrumb"},"inLanguage":"fr-FR","potentialAction":[{"@type":"ReadAction","target":["https:\/\/www.lavedetterestaurant.com\/crepes-sense-lactosa-ni-gluten-delicies-versatils-per-a-qualsevol-ocasio\/"]}]},{"@type":"ImageObject","inLanguage":"fr-FR","@id":"https:\/\/www.lavedetterestaurant.com\/crepes-sense-lactosa-ni-gluten-delicies-versatils-per-a-qualsevol-ocasio\/#primaryimage","url":"https:\/\/www.lavedetterestaurant.com\/wp-content\/uploads\/2024\/03\/3.jpg","contentUrl":"https:\/\/www.lavedetterestaurant.com\/wp-content\/uploads\/2024\/03\/3.jpg","width":1150,"height":400},{"@type":"BreadcrumbList","@id":"https:\/\/www.lavedetterestaurant.com\/crepes-sense-lactosa-ni-gluten-delicies-versatils-per-a-qualsevol-ocasio\/#breadcrumb","itemListElement":[{"@type":"ListItem","position":1,"name":"Home","item":"https:\/\/www.lavedetterestaurant.com\/"},{"@type":"ListItem","position":2,"name":"Creps sense lactosa ni gluten: Del\u00edcies vers\u00e0tils per a qualsevol ocasi\u00f3"}]},{"@type":"WebSite","@id":"https:\/\/www.lavedetterestaurant.com\/#website","url":"https:\/\/www.lavedetterestaurant.com\/","name":"La Vedette","description":"Restaurant Cr\u00eaperie Bretonne La Vedette","publisher":{"@id":"https:\/\/www.lavedetterestaurant.com\/#organization"},"potentialAction":[{"@type":"SearchAction","target":{"@type":"EntryPoint","urlTemplate":"https:\/\/www.lavedetterestaurant.com\/?s={search_term_string}"},"query-input":{"@type":"PropertyValueSpecification","valueRequired":true,"valueName":"search_term_string"}}],"inLanguage":"fr-FR"},{"@type":"Organization","@id":"https:\/\/www.lavedetterestaurant.com\/#organization","name":"Restaurant Cr\u00eaperie Bretonne La Vedette","url":"https:\/\/www.lavedetterestaurant.com\/","logo":{"@type":"ImageObject","inLanguage":"fr-FR","@id":"https:\/\/www.lavedetterestaurant.com\/#\/schema\/logo\/image\/","url":"https:\/\/www.lavedetterestaurant.com\/wp-content\/uploads\/2022\/01\/LOGO.png","contentUrl":"https:\/\/www.lavedetterestaurant.com\/wp-content\/uploads\/2022\/01\/LOGO.png","width":250,"height":158,"caption":"Restaurant Cr\u00eaperie Bretonne La Vedette"},"image":{"@id":"https:\/\/www.lavedetterestaurant.com\/#\/schema\/logo\/image\/"},"sameAs":["https:\/\/www.instagram.com\/lavedette00\/"]},{"@type":"Person","@id":"https:\/\/www.lavedetterestaurant.com\/#\/schema\/person\/9fdb6ae7384234bfdf26c5ef6bfed5e8","name":"admin","image":{"@type":"ImageObject","inLanguage":"fr-FR","@id":"https:\/\/secure.gravatar.com\/avatar\/83e3101f97fc71dc886e0b903e409472d7dca863641d163adef01381593450c8?s=96&d=mm&r=g","url":"https:\/\/secure.gravatar.com\/avatar\/83e3101f97fc71dc886e0b903e409472d7dca863641d163adef01381593450c8?s=96&d=mm&r=g","contentUrl":"https:\/\/secure.gravatar.com\/avatar\/83e3101f97fc71dc886e0b903e409472d7dca863641d163adef01381593450c8?s=96&d=mm&r=g","caption":"admin"},"sameAs":["https:\/\/www.lavedetterestaurant.com"],"url":"https:\/\/www.lavedetterestaurant.com\/fr\/author\/frame_r3g2tq4d\/"}]}},"_links":{"self":[{"href":"https:\/\/www.lavedetterestaurant.com\/fr\/wp-json\/wp\/v2\/posts\/13906","targetHints":{"allow":["GET"]}}],"collection":[{"href":"https:\/\/www.lavedetterestaurant.com\/fr\/wp-json\/wp\/v2\/posts"}],"about":[{"href":"https:\/\/www.lavedetterestaurant.com\/fr\/wp-json\/wp\/v2\/types\/post"}],"author":[{"embeddable":true,"href":"https:\/\/www.lavedetterestaurant.com\/fr\/wp-json\/wp\/v2\/users\/1"}],"replies":[{"embeddable":true,"href":"https:\/\/www.lavedetterestaurant.com\/fr\/wp-json\/wp\/v2\/comments?post=13906"}],"version-history":[{"count":12,"href":"https:\/\/www.lavedetterestaurant.com\/fr\/wp-json\/wp\/v2\/posts\/13906\/revisions"}],"predecessor-version":[{"id":13921,"href":"https:\/\/www.lavedetterestaurant.com\/fr\/wp-json\/wp\/v2\/posts\/13906\/revisions\/13921"}],"wp:featuredmedia":[{"embeddable":true,"href":"https:\/\/www.lavedetterestaurant.com\/fr\/wp-json\/wp\/v2\/media\/13912"}],"wp:attachment":[{"href":"https:\/\/www.lavedetterestaurant.com\/fr\/wp-json\/wp\/v2\/media?parent=13906"}],"wp:term":[{"taxonomy":"category","embeddable":true,"href":"https:\/\/www.lavedetterestaurant.com\/fr\/wp-json\/wp\/v2\/categories?post=13906"},{"taxonomy":"post_tag","embeddable":true,"href":"https:\/\/www.lavedetterestaurant.com\/fr\/wp-json\/wp\/v2\/tags?post=13906"}],"curies":[{"name":"wp","href":"https:\/\/api.w.org\/{rel}","templated":true}]}}