{"id":13933,"date":"2024-05-06T10:07:24","date_gmt":"2024-05-06T08:07:24","guid":{"rendered":"https:\/\/www.lavedetterestaurant.com\/?p=13933"},"modified":"2024-05-06T10:49:07","modified_gmt":"2024-05-06T08:49:07","slug":"temps-de-flors-2024","status":"publish","type":"post","link":"https:\/\/www.lavedetterestaurant.com\/es\/temps-de-flors-2024\/","title":{"rendered":"Temps de Flors 2024"},"content":{"rendered":"<p class=\"p1\"><span class=\"s1\">La 69\u00aa edici\u00f3n de Temps de Flors de Girona se llevar\u00e1 a cabo del 11 al 19 de mayo. Durante este per\u00edodo, la ciudad se viste con flores, ofreciendo un espect\u00e1culo visual \u00fanico que atrae a visitantes de todos los rincones. Este 2024, habr\u00e1 137 proyectos florales distribuidos en 109 espacios, lugares hist\u00f3ricos emblem\u00e1ticos y otros de acceso limitado abrir\u00e1n sus puertas al p\u00fablico, invit\u00e1ndolo a sumergirse en un aut\u00e9ntico jard\u00edn urbano.<\/span><\/p>\n<h2 class=\"p2\"><strong><span class=\"s1\">Nuevos espacios y rutas Temps de Flors 2024<\/span><\/strong><\/h2>\n<p class=\"p1\">En esta edici\u00f3n de Temps de Flors, se han engalanado con flores nuevos espacios que podremos disfrutar durante la visita. El patio g\u00f3tico de la Casa\u00a0<span class=\"hiddenSpellError\">Solterra<\/span>, el camino de la reina Ermessenda, las vueltas de la Rambla, la calle de l'Argenteria, el jard\u00edn del Casino de Girona y la Casa de las Artes de Mas Ramada participar\u00e1n este a\u00f1o en el espect\u00e1culo floral.<\/p>\n<p>Tambi\u00e9n podremos disfrutar nuevamente de algunas ubicaciones que no se tematizaron durante las \u00faltimas ediciones. Casa\u00a0<span class=\"hiddenSpellError\">C\u00fandaro<\/span>, la Torre Gironella, el Palau de Caramany y la iglesia de Sant Mart\u00ed Sacosta volver\u00e1n a formar parte del recorrido de Temps de flors.<\/p>\n<h2 class=\"p1\"><strong><span class=\"s1\">Temps de flors sostenible para enfrentar la sequ\u00eda<\/span><\/strong><\/h2>\n<p class=\"p1\">Como medidas de adaptaci\u00f3n sostenible a la situaci\u00f3n de la actual sequ\u00eda, se ha dado prioridad a la selecci\u00f3n de plantas y flores que requieren menos agua, priorizando especies aut\u00f3ctonas y resistentes a climas secos. Adem\u00e1s, se ha optado por no regar durante los d\u00edas de la exposici\u00f3n y hacerlo solo al inicio del festival con agua de lluvia almacenada.<\/p>\n<p><img fetchpriority=\"high\" decoding=\"async\" class=\"alignnone wp-image-13934 size-full\" src=\"https:\/\/www.lavedetterestaurant.com\/wp-content\/uploads\/2024\/05\/2.jpg\" alt=\"temps de flors 2024 girona\" width=\"1150\" height=\"400\" srcset=\"https:\/\/www.lavedetterestaurant.com\/wp-content\/uploads\/2024\/05\/2.jpg 1150w, https:\/\/www.lavedetterestaurant.com\/wp-content\/uploads\/2024\/05\/2-300x104.jpg 300w, https:\/\/www.lavedetterestaurant.com\/wp-content\/uploads\/2024\/05\/2-1024x356.jpg 1024w, https:\/\/www.lavedetterestaurant.com\/wp-content\/uploads\/2024\/05\/2-768x267.jpg 768w, https:\/\/www.lavedetterestaurant.com\/wp-content\/uploads\/2024\/05\/2-18x6.jpg 18w\" sizes=\"(max-width: 1150px) 100vw, 1150px\" \/><\/p>\n<h2 class=\"p1\"><strong><span class=\"s1\">Los puntos m\u00e1s destacados de Temps de Flors 2024<\/span><\/strong><\/h2>\n<p class=\"p1\"><span class=\"s1\">Con 109 espacios dedicados a este festival floral, puede ser dif\u00edcil visitarlos todos. Hay varias maneras de organizar el recorrido; hay quien prefiere seguir los diferentes itinerarios organizados por el Ayuntamiento o simplemente dejarse llevar y recorrer el barrio viejo descubriendo los tesoros florales en cada esquina. Sea cual sea tu manera de explorar y disfrutar este espect\u00e1culo floral, destacamos algunos puntos de gran inter\u00e9s para que no los dejes pasar durante tu visita:<\/span><\/p>\n<ul>\n<li class=\"p1\"><span class=\"s1\">Las escaleras de la catedral: Decoradas de manera espectacular, se erigen en el coraz\u00f3n de la ciudad.<\/span><\/li>\n<li class=\"p1\"><span class=\"s1\">Los Ba\u00f1os \u00c1rabes: Magistralmente decorados, cautivan con su belleza arquitect\u00f3nica y singular encanto.<\/span><\/li>\n<li class=\"p1\"><span class=\"s1\">La subida de Sant Dom\u00e8nec: Un rinc\u00f3n que siempre sorprende y deja boquiabierto a quien lo descubre.<\/span><\/li>\n<li class=\"p1\"><span class=\"s1\">Puente de las Peixateries Velles: Una obra de arte floral que te rodea al cruzar el puente.<\/span><\/li>\n<li class=\"p1\"><span class=\"s1\">El s\u00f3tano de la catedral: Un espacio exclusivo que abre \u00fanicamente durante Temps de Flors y nunca deja de impresionar.<\/span><\/li>\n<li class=\"p1\"><span class=\"s1\">Sant F\u00e8lix: Tanto las escaleras como el interior de la iglesia se transforman en un espect\u00e1culo visual que deja sin palabras.<\/span><\/li>\n<li class=\"p1\"><span class=\"s1\">La plaza de los Jurados y Jardines de los Alemanes: Se convierten temporalmente en un lugar lleno de color y vida.<\/span><\/li>\n<\/ul>\n<h3 class=\"p1\"><strong><span class=\"s1\">La Vedette: Gastronom\u00eda Especial Temps de Flors<\/span><\/strong><\/h3>\n<p class=\"p1\"><span class=\"s1\">Para finalizar la experiencia, \u00bfqu\u00e9 mejor manera que disfrutar de un exquisito almuerzo o cena en La Vedette? Adem\u00e1s, durante Temps de Flors ofrecemos un men\u00fa especial que se suma al esp\u00edritu festivo.<\/span><\/p>\n<p class=\"p1\"><span class=\"s1\">Te invitamos a experimentar la fusi\u00f3n de sabores \u00fanicos, inspirados en la belleza ef\u00edmera de las flores y la naturaleza que nos rodea. Esta experiencia gastron\u00f3mica exclusiva te transportar\u00e1 a un mundo de delicias culinarias que complementan a la perfecci\u00f3n el encanto del festival floral.<\/span><\/p>\n<p class=\"p1\"><span class=\"s1\">\u00a1Os deseamos una excelente visita a Temps de Flors!<\/span><\/p>","protected":false},"excerpt":{"rendered":"<p>La 69a edici\u00f3 de Temps de Flors de Girona tindr\u00e0 lloc de l&#8217;11 al 19 de maig. Durant aquest per\u00edode, la ciutat s&#8217;engalana amb flors, oferint un espectacle visual \u00fanic que atreu visitants de tots els racons. Aquest 2024, hi haur\u00e0 137 projectes florals repartits en 109 espais, llocs hist\u00f2rics emblem\u00e0tics i altres d&#8217;acc\u00e9s limitat [&hellip;]<\/p>\n","protected":false},"author":1,"featured_media":13935,"comment_status":"open","ping_status":"open","sticky":false,"template":"","format":"standard","meta":{"footnotes":""},"categories":[1],"tags":[],"class_list":["post-13933","post","type-post","status-publish","format-standard","has-post-thumbnail","hentry","category-uncategorized"],"yoast_head":"<!-- This site is optimized with the Yoast SEO Premium plugin v21.5 (Yoast SEO v27.2) - https:\/\/yoast.com\/product\/yoast-seo-premium-wordpress\/ -->\n<title>Temps de flors 2024 Girona \u00b7 La Vedette<\/title>\n<meta name=\"description\" content=\"El Temps de Flors de Girona 2024 tindr\u00e0 lloc de l&#039;11 al 19 de maig. La ciutat s&#039;engalana amb flors, oferint un espectacle visual \u00fanic.\" \/>\n<meta name=\"robots\" content=\"index, follow, max-snippet:-1, max-image-preview:large, max-video-preview:-1\" \/>\n<link rel=\"canonical\" href=\"https:\/\/www.lavedetterestaurant.com\/es\/temps-de-flors-2024\/\" \/>\n<meta property=\"og:locale\" content=\"es_ES\" \/>\n<meta property=\"og:type\" content=\"article\" \/>\n<meta property=\"og:title\" content=\"Temps de Flors 2024\" \/>\n<meta property=\"og:description\" content=\"El Temps de Flors de Girona 2024 tindr\u00e0 lloc de l&#039;11 al 19 de maig. La ciutat s&#039;engalana amb flors, oferint un espectacle visual \u00fanic.\" \/>\n<meta property=\"og:url\" content=\"https:\/\/www.lavedetterestaurant.com\/es\/temps-de-flors-2024\/\" \/>\n<meta property=\"og:site_name\" content=\"La Vedette\" \/>\n<meta property=\"article:publisher\" content=\"https:\/\/www.instagram.com\/lavedette00\/\" \/>\n<meta property=\"article:published_time\" content=\"2024-05-06T08:07:24+00:00\" \/>\n<meta property=\"article:modified_time\" content=\"2024-05-06T08:49:07+00:00\" \/>\n<meta property=\"og:image\" content=\"https:\/\/www.lavedetterestaurant.com\/wp-content\/uploads\/2024\/05\/1.jpg\" \/>\n\t<meta property=\"og:image:width\" content=\"1150\" \/>\n\t<meta property=\"og:image:height\" content=\"400\" \/>\n\t<meta property=\"og:image:type\" content=\"image\/jpeg\" \/>\n<meta name=\"author\" content=\"admin\" \/>\n<meta name=\"twitter:card\" content=\"summary_large_image\" \/>\n<meta name=\"twitter:label1\" content=\"Escrito por\" \/>\n\t<meta name=\"twitter:data1\" content=\"admin\" \/>\n\t<meta name=\"twitter:label2\" content=\"Tiempo de lectura\" \/>\n\t<meta name=\"twitter:data2\" content=\"4 minutos\" \/>\n<script type=\"application\/ld+json\" class=\"yoast-schema-graph\">{\"@context\":\"https:\/\/schema.org\",\"@graph\":[{\"@type\":\"Article\",\"@id\":\"https:\/\/www.lavedetterestaurant.com\/temps-de-flors-2024\/#article\",\"isPartOf\":{\"@id\":\"https:\/\/www.lavedetterestaurant.com\/temps-de-flors-2024\/\"},\"author\":{\"name\":\"admin\",\"@id\":\"https:\/\/www.lavedetterestaurant.com\/#\/schema\/person\/9fdb6ae7384234bfdf26c5ef6bfed5e8\"},\"headline\":\"Temps de Flors 2024\",\"datePublished\":\"2024-05-06T08:07:24+00:00\",\"dateModified\":\"2024-05-06T08:49:07+00:00\",\"mainEntityOfPage\":{\"@id\":\"https:\/\/www.lavedetterestaurant.com\/temps-de-flors-2024\/\"},\"wordCount\":569,\"commentCount\":0,\"publisher\":{\"@id\":\"https:\/\/www.lavedetterestaurant.com\/#organization\"},\"image\":{\"@id\":\"https:\/\/www.lavedetterestaurant.com\/temps-de-flors-2024\/#primaryimage\"},\"thumbnailUrl\":\"https:\/\/www.lavedetterestaurant.com\/wp-content\/uploads\/2024\/05\/1.jpg\",\"articleSection\":[\"Uncategorized\"],\"inLanguage\":\"es\",\"potentialAction\":[{\"@type\":\"CommentAction\",\"name\":\"Comment\",\"target\":[\"https:\/\/www.lavedetterestaurant.com\/temps-de-flors-2024\/#respond\"]}]},{\"@type\":\"WebPage\",\"@id\":\"https:\/\/www.lavedetterestaurant.com\/temps-de-flors-2024\/\",\"url\":\"https:\/\/www.lavedetterestaurant.com\/temps-de-flors-2024\/\",\"name\":\"Temps de flors 2024 Girona \u00b7 La Vedette\",\"isPartOf\":{\"@id\":\"https:\/\/www.lavedetterestaurant.com\/#website\"},\"primaryImageOfPage\":{\"@id\":\"https:\/\/www.lavedetterestaurant.com\/temps-de-flors-2024\/#primaryimage\"},\"image\":{\"@id\":\"https:\/\/www.lavedetterestaurant.com\/temps-de-flors-2024\/#primaryimage\"},\"thumbnailUrl\":\"https:\/\/www.lavedetterestaurant.com\/wp-content\/uploads\/2024\/05\/1.jpg\",\"datePublished\":\"2024-05-06T08:07:24+00:00\",\"dateModified\":\"2024-05-06T08:49:07+00:00\",\"description\":\"El Temps de Flors de Girona 2024 tindr\u00e0 lloc de l'11 al 19 de maig. La ciutat s'engalana amb flors, oferint un espectacle visual \u00fanic.\",\"breadcrumb\":{\"@id\":\"https:\/\/www.lavedetterestaurant.com\/temps-de-flors-2024\/#breadcrumb\"},\"inLanguage\":\"es\",\"potentialAction\":[{\"@type\":\"ReadAction\",\"target\":[\"https:\/\/www.lavedetterestaurant.com\/temps-de-flors-2024\/\"]}]},{\"@type\":\"ImageObject\",\"inLanguage\":\"es\",\"@id\":\"https:\/\/www.lavedetterestaurant.com\/temps-de-flors-2024\/#primaryimage\",\"url\":\"https:\/\/www.lavedetterestaurant.com\/wp-content\/uploads\/2024\/05\/1.jpg\",\"contentUrl\":\"https:\/\/www.lavedetterestaurant.com\/wp-content\/uploads\/2024\/05\/1.jpg\",\"width\":1150,\"height\":400},{\"@type\":\"BreadcrumbList\",\"@id\":\"https:\/\/www.lavedetterestaurant.com\/temps-de-flors-2024\/#breadcrumb\",\"itemListElement\":[{\"@type\":\"ListItem\",\"position\":1,\"name\":\"Home\",\"item\":\"https:\/\/www.lavedetterestaurant.com\/\"},{\"@type\":\"ListItem\",\"position\":2,\"name\":\"Temps de Flors 2024\"}]},{\"@type\":\"WebSite\",\"@id\":\"https:\/\/www.lavedetterestaurant.com\/#website\",\"url\":\"https:\/\/www.lavedetterestaurant.com\/\",\"name\":\"La Vedette\",\"description\":\"Restaurant Cr\u00eaperie Bretonne La Vedette\",\"publisher\":{\"@id\":\"https:\/\/www.lavedetterestaurant.com\/#organization\"},\"potentialAction\":[{\"@type\":\"SearchAction\",\"target\":{\"@type\":\"EntryPoint\",\"urlTemplate\":\"https:\/\/www.lavedetterestaurant.com\/?s={search_term_string}\"},\"query-input\":{\"@type\":\"PropertyValueSpecification\",\"valueRequired\":true,\"valueName\":\"search_term_string\"}}],\"inLanguage\":\"es\"},{\"@type\":\"Organization\",\"@id\":\"https:\/\/www.lavedetterestaurant.com\/#organization\",\"name\":\"Restaurant Cr\u00eaperie Bretonne La Vedette\",\"url\":\"https:\/\/www.lavedetterestaurant.com\/\",\"logo\":{\"@type\":\"ImageObject\",\"inLanguage\":\"es\",\"@id\":\"https:\/\/www.lavedetterestaurant.com\/#\/schema\/logo\/image\/\",\"url\":\"https:\/\/www.lavedetterestaurant.com\/wp-content\/uploads\/2022\/01\/LOGO.png\",\"contentUrl\":\"https:\/\/www.lavedetterestaurant.com\/wp-content\/uploads\/2022\/01\/LOGO.png\",\"width\":250,\"height\":158,\"caption\":\"Restaurant Cr\u00eaperie Bretonne La Vedette\"},\"image\":{\"@id\":\"https:\/\/www.lavedetterestaurant.com\/#\/schema\/logo\/image\/\"},\"sameAs\":[\"https:\/\/www.instagram.com\/lavedette00\/\"]},{\"@type\":\"Person\",\"@id\":\"https:\/\/www.lavedetterestaurant.com\/#\/schema\/person\/9fdb6ae7384234bfdf26c5ef6bfed5e8\",\"name\":\"admin\",\"image\":{\"@type\":\"ImageObject\",\"inLanguage\":\"es\",\"@id\":\"https:\/\/secure.gravatar.com\/avatar\/83e3101f97fc71dc886e0b903e409472d7dca863641d163adef01381593450c8?s=96&d=mm&r=g\",\"url\":\"https:\/\/secure.gravatar.com\/avatar\/83e3101f97fc71dc886e0b903e409472d7dca863641d163adef01381593450c8?s=96&d=mm&r=g\",\"contentUrl\":\"https:\/\/secure.gravatar.com\/avatar\/83e3101f97fc71dc886e0b903e409472d7dca863641d163adef01381593450c8?s=96&d=mm&r=g\",\"caption\":\"admin\"},\"sameAs\":[\"https:\/\/www.lavedetterestaurant.com\"],\"url\":\"https:\/\/www.lavedetterestaurant.com\/es\/author\/frame_r3g2tq4d\/\"}]}<\/script>\n<!-- \/ Yoast SEO Premium plugin. -->","yoast_head_json":{"title":"Temps de flors 2024 Girona \u00b7 La Vedette","description":"El Temps de Flors de Girona 2024 tindr\u00e0 lloc de l'11 al 19 de maig. La ciutat s'engalana amb flors, oferint un espectacle visual \u00fanic.","robots":{"index":"index","follow":"follow","max-snippet":"max-snippet:-1","max-image-preview":"max-image-preview:large","max-video-preview":"max-video-preview:-1"},"canonical":"https:\/\/www.lavedetterestaurant.com\/es\/temps-de-flors-2024\/","og_locale":"es_ES","og_type":"article","og_title":"Temps de Flors 2024","og_description":"El Temps de Flors de Girona 2024 tindr\u00e0 lloc de l'11 al 19 de maig. La ciutat s'engalana amb flors, oferint un espectacle visual \u00fanic.","og_url":"https:\/\/www.lavedetterestaurant.com\/es\/temps-de-flors-2024\/","og_site_name":"La Vedette","article_publisher":"https:\/\/www.instagram.com\/lavedette00\/","article_published_time":"2024-05-06T08:07:24+00:00","article_modified_time":"2024-05-06T08:49:07+00:00","og_image":[{"width":1150,"height":400,"url":"https:\/\/www.lavedetterestaurant.com\/wp-content\/uploads\/2024\/05\/1.jpg","type":"image\/jpeg"}],"author":"admin","twitter_card":"summary_large_image","twitter_misc":{"Escrito por":"admin","Tiempo de lectura":"4 minutos"},"schema":{"@context":"https:\/\/schema.org","@graph":[{"@type":"Article","@id":"https:\/\/www.lavedetterestaurant.com\/temps-de-flors-2024\/#article","isPartOf":{"@id":"https:\/\/www.lavedetterestaurant.com\/temps-de-flors-2024\/"},"author":{"name":"admin","@id":"https:\/\/www.lavedetterestaurant.com\/#\/schema\/person\/9fdb6ae7384234bfdf26c5ef6bfed5e8"},"headline":"Temps de Flors 2024","datePublished":"2024-05-06T08:07:24+00:00","dateModified":"2024-05-06T08:49:07+00:00","mainEntityOfPage":{"@id":"https:\/\/www.lavedetterestaurant.com\/temps-de-flors-2024\/"},"wordCount":569,"commentCount":0,"publisher":{"@id":"https:\/\/www.lavedetterestaurant.com\/#organization"},"image":{"@id":"https:\/\/www.lavedetterestaurant.com\/temps-de-flors-2024\/#primaryimage"},"thumbnailUrl":"https:\/\/www.lavedetterestaurant.com\/wp-content\/uploads\/2024\/05\/1.jpg","articleSection":["Uncategorized"],"inLanguage":"es","potentialAction":[{"@type":"CommentAction","name":"Comment","target":["https:\/\/www.lavedetterestaurant.com\/temps-de-flors-2024\/#respond"]}]},{"@type":"WebPage","@id":"https:\/\/www.lavedetterestaurant.com\/temps-de-flors-2024\/","url":"https:\/\/www.lavedetterestaurant.com\/temps-de-flors-2024\/","name":"Temps de flors 2024 Girona \u00b7 La Vedette","isPartOf":{"@id":"https:\/\/www.lavedetterestaurant.com\/#website"},"primaryImageOfPage":{"@id":"https:\/\/www.lavedetterestaurant.com\/temps-de-flors-2024\/#primaryimage"},"image":{"@id":"https:\/\/www.lavedetterestaurant.com\/temps-de-flors-2024\/#primaryimage"},"thumbnailUrl":"https:\/\/www.lavedetterestaurant.com\/wp-content\/uploads\/2024\/05\/1.jpg","datePublished":"2024-05-06T08:07:24+00:00","dateModified":"2024-05-06T08:49:07+00:00","description":"El Temps de Flors de Girona 2024 tindr\u00e0 lloc de l'11 al 19 de maig. La ciutat s'engalana amb flors, oferint un espectacle visual \u00fanic.","breadcrumb":{"@id":"https:\/\/www.lavedetterestaurant.com\/temps-de-flors-2024\/#breadcrumb"},"inLanguage":"es","potentialAction":[{"@type":"ReadAction","target":["https:\/\/www.lavedetterestaurant.com\/temps-de-flors-2024\/"]}]},{"@type":"ImageObject","inLanguage":"es","@id":"https:\/\/www.lavedetterestaurant.com\/temps-de-flors-2024\/#primaryimage","url":"https:\/\/www.lavedetterestaurant.com\/wp-content\/uploads\/2024\/05\/1.jpg","contentUrl":"https:\/\/www.lavedetterestaurant.com\/wp-content\/uploads\/2024\/05\/1.jpg","width":1150,"height":400},{"@type":"BreadcrumbList","@id":"https:\/\/www.lavedetterestaurant.com\/temps-de-flors-2024\/#breadcrumb","itemListElement":[{"@type":"ListItem","position":1,"name":"Home","item":"https:\/\/www.lavedetterestaurant.com\/"},{"@type":"ListItem","position":2,"name":"Temps de Flors 2024"}]},{"@type":"WebSite","@id":"https:\/\/www.lavedetterestaurant.com\/#website","url":"https:\/\/www.lavedetterestaurant.com\/","name":"La Vedette","description":"Restaurant Cr\u00eaperie Bretonne La Vedette","publisher":{"@id":"https:\/\/www.lavedetterestaurant.com\/#organization"},"potentialAction":[{"@type":"SearchAction","target":{"@type":"EntryPoint","urlTemplate":"https:\/\/www.lavedetterestaurant.com\/?s={search_term_string}"},"query-input":{"@type":"PropertyValueSpecification","valueRequired":true,"valueName":"search_term_string"}}],"inLanguage":"es"},{"@type":"Organization","@id":"https:\/\/www.lavedetterestaurant.com\/#organization","name":"Restaurant Cr\u00eaperie Bretonne La Vedette","url":"https:\/\/www.lavedetterestaurant.com\/","logo":{"@type":"ImageObject","inLanguage":"es","@id":"https:\/\/www.lavedetterestaurant.com\/#\/schema\/logo\/image\/","url":"https:\/\/www.lavedetterestaurant.com\/wp-content\/uploads\/2022\/01\/LOGO.png","contentUrl":"https:\/\/www.lavedetterestaurant.com\/wp-content\/uploads\/2022\/01\/LOGO.png","width":250,"height":158,"caption":"Restaurant Cr\u00eaperie Bretonne La Vedette"},"image":{"@id":"https:\/\/www.lavedetterestaurant.com\/#\/schema\/logo\/image\/"},"sameAs":["https:\/\/www.instagram.com\/lavedette00\/"]},{"@type":"Person","@id":"https:\/\/www.lavedetterestaurant.com\/#\/schema\/person\/9fdb6ae7384234bfdf26c5ef6bfed5e8","name":"admin","image":{"@type":"ImageObject","inLanguage":"es","@id":"https:\/\/secure.gravatar.com\/avatar\/83e3101f97fc71dc886e0b903e409472d7dca863641d163adef01381593450c8?s=96&d=mm&r=g","url":"https:\/\/secure.gravatar.com\/avatar\/83e3101f97fc71dc886e0b903e409472d7dca863641d163adef01381593450c8?s=96&d=mm&r=g","contentUrl":"https:\/\/secure.gravatar.com\/avatar\/83e3101f97fc71dc886e0b903e409472d7dca863641d163adef01381593450c8?s=96&d=mm&r=g","caption":"admin"},"sameAs":["https:\/\/www.lavedetterestaurant.com"],"url":"https:\/\/www.lavedetterestaurant.com\/es\/author\/frame_r3g2tq4d\/"}]}},"_links":{"self":[{"href":"https:\/\/www.lavedetterestaurant.com\/es\/wp-json\/wp\/v2\/posts\/13933","targetHints":{"allow":["GET"]}}],"collection":[{"href":"https:\/\/www.lavedetterestaurant.com\/es\/wp-json\/wp\/v2\/posts"}],"about":[{"href":"https:\/\/www.lavedetterestaurant.com\/es\/wp-json\/wp\/v2\/types\/post"}],"author":[{"embeddable":true,"href":"https:\/\/www.lavedetterestaurant.com\/es\/wp-json\/wp\/v2\/users\/1"}],"replies":[{"embeddable":true,"href":"https:\/\/www.lavedetterestaurant.com\/es\/wp-json\/wp\/v2\/comments?post=13933"}],"version-history":[{"count":4,"href":"https:\/\/www.lavedetterestaurant.com\/es\/wp-json\/wp\/v2\/posts\/13933\/revisions"}],"predecessor-version":[{"id":13939,"href":"https:\/\/www.lavedetterestaurant.com\/es\/wp-json\/wp\/v2\/posts\/13933\/revisions\/13939"}],"wp:featuredmedia":[{"embeddable":true,"href":"https:\/\/www.lavedetterestaurant.com\/es\/wp-json\/wp\/v2\/media\/13935"}],"wp:attachment":[{"href":"https:\/\/www.lavedetterestaurant.com\/es\/wp-json\/wp\/v2\/media?parent=13933"}],"wp:term":[{"taxonomy":"category","embeddable":true,"href":"https:\/\/www.lavedetterestaurant.com\/es\/wp-json\/wp\/v2\/categories?post=13933"},{"taxonomy":"post_tag","embeddable":true,"href":"https:\/\/www.lavedetterestaurant.com\/es\/wp-json\/wp\/v2\/tags?post=13933"}],"curies":[{"name":"wp","href":"https:\/\/api.w.org\/{rel}","templated":true}]}}