{"id":13867,"date":"2023-12-22T14:40:06","date_gmt":"2023-12-22T13:40:06","guid":{"rendered":"https:\/\/www.lavedetterestaurant.com\/?p=13867"},"modified":"2023-12-22T14:40:06","modified_gmt":"2023-12-22T13:40:06","slug":"bon-nadal-i-felic-any-nou","status":"publish","type":"post","link":"https:\/\/www.lavedetterestaurant.com\/es\/bon-nadal-i-felic-any-nou\/","title":{"rendered":"\u00a1Felices Navidad y feliz A\u00f1o Nuevo!"},"content":{"rendered":"<p class=\"p1\"><span class=\"s1\">Las luces brillantes, el calor de las comidas compartidas y la magia de la temporada est\u00e1n aqu\u00ed de nuevo, llevando alegr\u00eda a cada hogar. En esta ocasi\u00f3n especial, queremos tomarnos un momento para expresar nuestros m\u00e1s sinceros deseos de felicidad y gratitud. En La Vedette, la temporada de fiestas no solo es un momento para compartir deliciosas comidas, sino tambi\u00e9n una oportunidad para reflexionar sobre los logros y conexiones que hemos forjado a lo largo de este incre\u00edble a\u00f1o.<\/span><\/p>\n<h3 class=\"p1\"><span class=\"s1\"><b>Un a\u00f1o de expansi\u00f3n y crecimiento<\/b><\/span><\/h3>\n<p class=\"p1\"><span class=\"s1\">Al mirar hacia atr\u00e1s, no podemos dejar de sonre\u00edr por el camino que hemos recorrido. Este a\u00f1o, La Vedette ha logrado un nuevo sue\u00f1o: nuestra introducci\u00f3n en el mundo de las franquicias. Es con alegr\u00eda y determinaci\u00f3n que hemos visto crecer la familia La Vedette, llevando los aut\u00e9nticos sabores bretones a nuevos rincones.<\/span><\/p>\n<h3 class=\"p1\"><strong><span class=\"s1\">Vuestra confianza, nuestra Inspiraci\u00f3n<\/span><\/strong><\/h3>\n<p class=\"p1\"><span class=\"s1\">Queremos expresar nuestro profundo agradecimiento por vuestra confianza continuada. Es un honor para nosotros ser parte de vuestros momentos especiales y ver c\u00f3mo La Vedette se convierte en un lugar de encuentro para familias, amigos y amantes de la buena gastronom\u00eda. Vuestras experiencias e historias hacen que La Vedette sea \u00fanica, y esperamos con ilusi\u00f3n seguir compartiendo m\u00e1s momentos m\u00e1gicos con vosotros.<\/span><\/p>\n<h3 class=\"p1\"><strong><span class=\"s1\">Nuestro equipo, el coraz\u00f3n de La Vedette<\/span><\/strong><\/h3>\n<p class=\"p1\"><span class=\"s1\">En esta temporada de reflexi\u00f3n y gratitud, queremos expresar tambi\u00e9n nuestro m\u00e1s sincero agradecimiento a todo el equipo que hace posible la experiencia La Vedette. Vuestra pasi\u00f3n, dedicaci\u00f3n y talento han sido el motor que impulsa nuestra misi\u00f3n de llevar los aut\u00e9nticos sabores de Breta\u00f1a a todos nuestros comensales. Cada sonrisa, cada plato servido y cada momento compartido en La Vedette es fruto de vuestro esfuerzo colectivo.<\/span><\/p>\n<h4 class=\"p1\"><em><strong><span class=\"s1\">Visita La Vedette estas Fiestas<\/span><\/strong><\/em><\/h4>\n<p class=\"p1\"><span class=\"s1\">En estas fiestas, invitamos a todos nuestros estimados lectores a unirse a nosotros en La Vedette para celebrar la alegr\u00eda de la temporada. Ya sea para disfrutar de una aut\u00e9ntica crepe bretona o para celebrar con los seres queridos con una exquisita fondue, La Vedette os espera con los brazos abiertos.<\/span><\/p>\n<p class=\"p1\"><span class=\"s1\">Os deseamos unas fiestas llenas de luz, risas y momentos especiales. Que el pr\u00f3ximo a\u00f1o est\u00e9 lleno de nuevas oportunidades, \u00e9xitos y momentos compartidos. Gracias por ser parte de nuestra familia La Vedette.<\/span><\/p>\n<p class=\"p1\"><span class=\"s1\">\u00a1Felices Fiestas y feliz A\u00f1o Nuevo!<\/span><\/p>","protected":false},"excerpt":{"rendered":"<p>Les llums brillants, l&#8217;escalfor dels \u00e0pats compartits i la m\u00e0gia de la temporada estan aqu\u00ed de nou, portant alegria a cada llar. En aquesta ocasi\u00f3 especial, volem prendre un moment per expressar els nostres m\u00e9s sincers desitjos de felicitat i gratitud. A La\u00a0Vedette, la temporada de festes no nom\u00e9s \u00e9s un temps per compartir \u00e0pats [&hellip;]<\/p>\n","protected":false},"author":1,"featured_media":13868,"comment_status":"open","ping_status":"open","sticky":false,"template":"","format":"standard","meta":{"footnotes":""},"categories":[1],"tags":[],"class_list":["post-13867","post","type-post","status-publish","format-standard","has-post-thumbnail","hentry","category-uncategorized"],"yoast_head":"<!-- This site is optimized with the Yoast SEO Premium plugin v21.5 (Yoast SEO v27.2) - https:\/\/yoast.com\/product\/yoast-seo-premium-wordpress\/ -->\n<title>Bon Nadal i Feli\u00e7 Any Nou! - La Vedette<\/title>\n<meta name=\"robots\" content=\"index, follow, max-snippet:-1, max-image-preview:large, max-video-preview:-1\" \/>\n<link rel=\"canonical\" href=\"https:\/\/www.lavedetterestaurant.com\/es\/bon-nadal-i-felic-any-nou\/\" \/>\n<meta property=\"og:locale\" content=\"es_ES\" \/>\n<meta property=\"og:type\" content=\"article\" \/>\n<meta property=\"og:title\" content=\"Bon Nadal i Feli\u00e7 Any Nou!\" \/>\n<meta property=\"og:description\" content=\"Les llums brillants, l&#8217;escalfor dels \u00e0pats compartits i la m\u00e0gia de la temporada estan aqu\u00ed de nou, portant alegria a cada llar. En aquesta ocasi\u00f3 especial, volem prendre un moment per expressar els nostres m\u00e9s sincers desitjos de felicitat i gratitud. A La\u00a0Vedette, la temporada de festes no nom\u00e9s \u00e9s un temps per compartir \u00e0pats [&hellip;]\" \/>\n<meta property=\"og:url\" content=\"https:\/\/www.lavedetterestaurant.com\/es\/bon-nadal-i-felic-any-nou\/\" \/>\n<meta property=\"og:site_name\" content=\"La Vedette\" \/>\n<meta property=\"article:publisher\" content=\"https:\/\/www.instagram.com\/lavedette00\/\" \/>\n<meta property=\"article:published_time\" content=\"2023-12-22T13:40:06+00:00\" \/>\n<meta property=\"og:image\" content=\"https:\/\/www.lavedetterestaurant.com\/wp-content\/uploads\/2023\/12\/Copia-de-Plantilla-banner-web-4.jpg\" \/>\n\t<meta property=\"og:image:width\" content=\"1920\" \/>\n\t<meta property=\"og:image:height\" content=\"850\" \/>\n\t<meta property=\"og:image:type\" content=\"image\/jpeg\" \/>\n<meta name=\"author\" content=\"admin\" \/>\n<meta name=\"twitter:card\" content=\"summary_large_image\" \/>\n<meta name=\"twitter:label1\" content=\"Escrito por\" \/>\n\t<meta name=\"twitter:data1\" content=\"admin\" \/>\n\t<meta name=\"twitter:label2\" content=\"Tiempo de lectura\" \/>\n\t<meta name=\"twitter:data2\" content=\"3 minutos\" \/>\n<script type=\"application\/ld+json\" class=\"yoast-schema-graph\">{\"@context\":\"https:\/\/schema.org\",\"@graph\":[{\"@type\":\"Article\",\"@id\":\"https:\/\/www.lavedetterestaurant.com\/bon-nadal-i-felic-any-nou\/#article\",\"isPartOf\":{\"@id\":\"https:\/\/www.lavedetterestaurant.com\/bon-nadal-i-felic-any-nou\/\"},\"author\":{\"name\":\"admin\",\"@id\":\"https:\/\/www.lavedetterestaurant.com\/#\/schema\/person\/9fdb6ae7384234bfdf26c5ef6bfed5e8\"},\"headline\":\"Bon Nadal i Feli\u00e7 Any Nou!\",\"datePublished\":\"2023-12-22T13:40:06+00:00\",\"mainEntityOfPage\":{\"@id\":\"https:\/\/www.lavedetterestaurant.com\/bon-nadal-i-felic-any-nou\/\"},\"wordCount\":411,\"commentCount\":0,\"publisher\":{\"@id\":\"https:\/\/www.lavedetterestaurant.com\/#organization\"},\"image\":{\"@id\":\"https:\/\/www.lavedetterestaurant.com\/bon-nadal-i-felic-any-nou\/#primaryimage\"},\"thumbnailUrl\":\"https:\/\/www.lavedetterestaurant.com\/wp-content\/uploads\/2023\/12\/Copia-de-Plantilla-banner-web-4.jpg\",\"articleSection\":[\"Uncategorized\"],\"inLanguage\":\"es\",\"potentialAction\":[{\"@type\":\"CommentAction\",\"name\":\"Comment\",\"target\":[\"https:\/\/www.lavedetterestaurant.com\/bon-nadal-i-felic-any-nou\/#respond\"]}]},{\"@type\":\"WebPage\",\"@id\":\"https:\/\/www.lavedetterestaurant.com\/bon-nadal-i-felic-any-nou\/\",\"url\":\"https:\/\/www.lavedetterestaurant.com\/bon-nadal-i-felic-any-nou\/\",\"name\":\"Bon Nadal i Feli\u00e7 Any Nou! - La Vedette\",\"isPartOf\":{\"@id\":\"https:\/\/www.lavedetterestaurant.com\/#website\"},\"primaryImageOfPage\":{\"@id\":\"https:\/\/www.lavedetterestaurant.com\/bon-nadal-i-felic-any-nou\/#primaryimage\"},\"image\":{\"@id\":\"https:\/\/www.lavedetterestaurant.com\/bon-nadal-i-felic-any-nou\/#primaryimage\"},\"thumbnailUrl\":\"https:\/\/www.lavedetterestaurant.com\/wp-content\/uploads\/2023\/12\/Copia-de-Plantilla-banner-web-4.jpg\",\"datePublished\":\"2023-12-22T13:40:06+00:00\",\"breadcrumb\":{\"@id\":\"https:\/\/www.lavedetterestaurant.com\/bon-nadal-i-felic-any-nou\/#breadcrumb\"},\"inLanguage\":\"es\",\"potentialAction\":[{\"@type\":\"ReadAction\",\"target\":[\"https:\/\/www.lavedetterestaurant.com\/bon-nadal-i-felic-any-nou\/\"]}]},{\"@type\":\"ImageObject\",\"inLanguage\":\"es\",\"@id\":\"https:\/\/www.lavedetterestaurant.com\/bon-nadal-i-felic-any-nou\/#primaryimage\",\"url\":\"https:\/\/www.lavedetterestaurant.com\/wp-content\/uploads\/2023\/12\/Copia-de-Plantilla-banner-web-4.jpg\",\"contentUrl\":\"https:\/\/www.lavedetterestaurant.com\/wp-content\/uploads\/2023\/12\/Copia-de-Plantilla-banner-web-4.jpg\",\"width\":1920,\"height\":850},{\"@type\":\"BreadcrumbList\",\"@id\":\"https:\/\/www.lavedetterestaurant.com\/bon-nadal-i-felic-any-nou\/#breadcrumb\",\"itemListElement\":[{\"@type\":\"ListItem\",\"position\":1,\"name\":\"Home\",\"item\":\"https:\/\/www.lavedetterestaurant.com\/\"},{\"@type\":\"ListItem\",\"position\":2,\"name\":\"Bon Nadal i Feli\u00e7 Any Nou!\"}]},{\"@type\":\"WebSite\",\"@id\":\"https:\/\/www.lavedetterestaurant.com\/#website\",\"url\":\"https:\/\/www.lavedetterestaurant.com\/\",\"name\":\"La Vedette\",\"description\":\"Restaurant Cr\u00eaperie Bretonne La Vedette\",\"publisher\":{\"@id\":\"https:\/\/www.lavedetterestaurant.com\/#organization\"},\"potentialAction\":[{\"@type\":\"SearchAction\",\"target\":{\"@type\":\"EntryPoint\",\"urlTemplate\":\"https:\/\/www.lavedetterestaurant.com\/?s={search_term_string}\"},\"query-input\":{\"@type\":\"PropertyValueSpecification\",\"valueRequired\":true,\"valueName\":\"search_term_string\"}}],\"inLanguage\":\"es\"},{\"@type\":\"Organization\",\"@id\":\"https:\/\/www.lavedetterestaurant.com\/#organization\",\"name\":\"Restaurant Cr\u00eaperie Bretonne La Vedette\",\"url\":\"https:\/\/www.lavedetterestaurant.com\/\",\"logo\":{\"@type\":\"ImageObject\",\"inLanguage\":\"es\",\"@id\":\"https:\/\/www.lavedetterestaurant.com\/#\/schema\/logo\/image\/\",\"url\":\"https:\/\/www.lavedetterestaurant.com\/wp-content\/uploads\/2022\/01\/LOGO.png\",\"contentUrl\":\"https:\/\/www.lavedetterestaurant.com\/wp-content\/uploads\/2022\/01\/LOGO.png\",\"width\":250,\"height\":158,\"caption\":\"Restaurant Cr\u00eaperie Bretonne La Vedette\"},\"image\":{\"@id\":\"https:\/\/www.lavedetterestaurant.com\/#\/schema\/logo\/image\/\"},\"sameAs\":[\"https:\/\/www.instagram.com\/lavedette00\/\"]},{\"@type\":\"Person\",\"@id\":\"https:\/\/www.lavedetterestaurant.com\/#\/schema\/person\/9fdb6ae7384234bfdf26c5ef6bfed5e8\",\"name\":\"admin\",\"image\":{\"@type\":\"ImageObject\",\"inLanguage\":\"es\",\"@id\":\"https:\/\/secure.gravatar.com\/avatar\/83e3101f97fc71dc886e0b903e409472d7dca863641d163adef01381593450c8?s=96&d=mm&r=g\",\"url\":\"https:\/\/secure.gravatar.com\/avatar\/83e3101f97fc71dc886e0b903e409472d7dca863641d163adef01381593450c8?s=96&d=mm&r=g\",\"contentUrl\":\"https:\/\/secure.gravatar.com\/avatar\/83e3101f97fc71dc886e0b903e409472d7dca863641d163adef01381593450c8?s=96&d=mm&r=g\",\"caption\":\"admin\"},\"sameAs\":[\"https:\/\/www.lavedetterestaurant.com\"],\"url\":\"https:\/\/www.lavedetterestaurant.com\/es\/author\/frame_r3g2tq4d\/\"}]}<\/script>\n<!-- \/ Yoast SEO Premium plugin. -->","yoast_head_json":{"title":"Bon Nadal i Feli\u00e7 Any Nou! - La Vedette","robots":{"index":"index","follow":"follow","max-snippet":"max-snippet:-1","max-image-preview":"max-image-preview:large","max-video-preview":"max-video-preview:-1"},"canonical":"https:\/\/www.lavedetterestaurant.com\/es\/bon-nadal-i-felic-any-nou\/","og_locale":"es_ES","og_type":"article","og_title":"Bon Nadal i Feli\u00e7 Any Nou!","og_description":"Les llums brillants, l&#8217;escalfor dels \u00e0pats compartits i la m\u00e0gia de la temporada estan aqu\u00ed de nou, portant alegria a cada llar. En aquesta ocasi\u00f3 especial, volem prendre un moment per expressar els nostres m\u00e9s sincers desitjos de felicitat i gratitud. A La\u00a0Vedette, la temporada de festes no nom\u00e9s \u00e9s un temps per compartir \u00e0pats [&hellip;]","og_url":"https:\/\/www.lavedetterestaurant.com\/es\/bon-nadal-i-felic-any-nou\/","og_site_name":"La Vedette","article_publisher":"https:\/\/www.instagram.com\/lavedette00\/","article_published_time":"2023-12-22T13:40:06+00:00","og_image":[{"width":1920,"height":850,"url":"https:\/\/www.lavedetterestaurant.com\/wp-content\/uploads\/2023\/12\/Copia-de-Plantilla-banner-web-4.jpg","type":"image\/jpeg"}],"author":"admin","twitter_card":"summary_large_image","twitter_misc":{"Escrito por":"admin","Tiempo de lectura":"3 minutos"},"schema":{"@context":"https:\/\/schema.org","@graph":[{"@type":"Article","@id":"https:\/\/www.lavedetterestaurant.com\/bon-nadal-i-felic-any-nou\/#article","isPartOf":{"@id":"https:\/\/www.lavedetterestaurant.com\/bon-nadal-i-felic-any-nou\/"},"author":{"name":"admin","@id":"https:\/\/www.lavedetterestaurant.com\/#\/schema\/person\/9fdb6ae7384234bfdf26c5ef6bfed5e8"},"headline":"Bon Nadal i Feli\u00e7 Any Nou!","datePublished":"2023-12-22T13:40:06+00:00","mainEntityOfPage":{"@id":"https:\/\/www.lavedetterestaurant.com\/bon-nadal-i-felic-any-nou\/"},"wordCount":411,"commentCount":0,"publisher":{"@id":"https:\/\/www.lavedetterestaurant.com\/#organization"},"image":{"@id":"https:\/\/www.lavedetterestaurant.com\/bon-nadal-i-felic-any-nou\/#primaryimage"},"thumbnailUrl":"https:\/\/www.lavedetterestaurant.com\/wp-content\/uploads\/2023\/12\/Copia-de-Plantilla-banner-web-4.jpg","articleSection":["Uncategorized"],"inLanguage":"es","potentialAction":[{"@type":"CommentAction","name":"Comment","target":["https:\/\/www.lavedetterestaurant.com\/bon-nadal-i-felic-any-nou\/#respond"]}]},{"@type":"WebPage","@id":"https:\/\/www.lavedetterestaurant.com\/bon-nadal-i-felic-any-nou\/","url":"https:\/\/www.lavedetterestaurant.com\/bon-nadal-i-felic-any-nou\/","name":"Bon Nadal i Feli\u00e7 Any Nou! - La Vedette","isPartOf":{"@id":"https:\/\/www.lavedetterestaurant.com\/#website"},"primaryImageOfPage":{"@id":"https:\/\/www.lavedetterestaurant.com\/bon-nadal-i-felic-any-nou\/#primaryimage"},"image":{"@id":"https:\/\/www.lavedetterestaurant.com\/bon-nadal-i-felic-any-nou\/#primaryimage"},"thumbnailUrl":"https:\/\/www.lavedetterestaurant.com\/wp-content\/uploads\/2023\/12\/Copia-de-Plantilla-banner-web-4.jpg","datePublished":"2023-12-22T13:40:06+00:00","breadcrumb":{"@id":"https:\/\/www.lavedetterestaurant.com\/bon-nadal-i-felic-any-nou\/#breadcrumb"},"inLanguage":"es","potentialAction":[{"@type":"ReadAction","target":["https:\/\/www.lavedetterestaurant.com\/bon-nadal-i-felic-any-nou\/"]}]},{"@type":"ImageObject","inLanguage":"es","@id":"https:\/\/www.lavedetterestaurant.com\/bon-nadal-i-felic-any-nou\/#primaryimage","url":"https:\/\/www.lavedetterestaurant.com\/wp-content\/uploads\/2023\/12\/Copia-de-Plantilla-banner-web-4.jpg","contentUrl":"https:\/\/www.lavedetterestaurant.com\/wp-content\/uploads\/2023\/12\/Copia-de-Plantilla-banner-web-4.jpg","width":1920,"height":850},{"@type":"BreadcrumbList","@id":"https:\/\/www.lavedetterestaurant.com\/bon-nadal-i-felic-any-nou\/#breadcrumb","itemListElement":[{"@type":"ListItem","position":1,"name":"Home","item":"https:\/\/www.lavedetterestaurant.com\/"},{"@type":"ListItem","position":2,"name":"Bon Nadal i Feli\u00e7 Any Nou!"}]},{"@type":"WebSite","@id":"https:\/\/www.lavedetterestaurant.com\/#website","url":"https:\/\/www.lavedetterestaurant.com\/","name":"La Vedette","description":"Restaurant Cr\u00eaperie Bretonne La Vedette","publisher":{"@id":"https:\/\/www.lavedetterestaurant.com\/#organization"},"potentialAction":[{"@type":"SearchAction","target":{"@type":"EntryPoint","urlTemplate":"https:\/\/www.lavedetterestaurant.com\/?s={search_term_string}"},"query-input":{"@type":"PropertyValueSpecification","valueRequired":true,"valueName":"search_term_string"}}],"inLanguage":"es"},{"@type":"Organization","@id":"https:\/\/www.lavedetterestaurant.com\/#organization","name":"Restaurant Cr\u00eaperie Bretonne La Vedette","url":"https:\/\/www.lavedetterestaurant.com\/","logo":{"@type":"ImageObject","inLanguage":"es","@id":"https:\/\/www.lavedetterestaurant.com\/#\/schema\/logo\/image\/","url":"https:\/\/www.lavedetterestaurant.com\/wp-content\/uploads\/2022\/01\/LOGO.png","contentUrl":"https:\/\/www.lavedetterestaurant.com\/wp-content\/uploads\/2022\/01\/LOGO.png","width":250,"height":158,"caption":"Restaurant Cr\u00eaperie Bretonne La Vedette"},"image":{"@id":"https:\/\/www.lavedetterestaurant.com\/#\/schema\/logo\/image\/"},"sameAs":["https:\/\/www.instagram.com\/lavedette00\/"]},{"@type":"Person","@id":"https:\/\/www.lavedetterestaurant.com\/#\/schema\/person\/9fdb6ae7384234bfdf26c5ef6bfed5e8","name":"admin","image":{"@type":"ImageObject","inLanguage":"es","@id":"https:\/\/secure.gravatar.com\/avatar\/83e3101f97fc71dc886e0b903e409472d7dca863641d163adef01381593450c8?s=96&d=mm&r=g","url":"https:\/\/secure.gravatar.com\/avatar\/83e3101f97fc71dc886e0b903e409472d7dca863641d163adef01381593450c8?s=96&d=mm&r=g","contentUrl":"https:\/\/secure.gravatar.com\/avatar\/83e3101f97fc71dc886e0b903e409472d7dca863641d163adef01381593450c8?s=96&d=mm&r=g","caption":"admin"},"sameAs":["https:\/\/www.lavedetterestaurant.com"],"url":"https:\/\/www.lavedetterestaurant.com\/es\/author\/frame_r3g2tq4d\/"}]}},"_links":{"self":[{"href":"https:\/\/www.lavedetterestaurant.com\/es\/wp-json\/wp\/v2\/posts\/13867","targetHints":{"allow":["GET"]}}],"collection":[{"href":"https:\/\/www.lavedetterestaurant.com\/es\/wp-json\/wp\/v2\/posts"}],"about":[{"href":"https:\/\/www.lavedetterestaurant.com\/es\/wp-json\/wp\/v2\/types\/post"}],"author":[{"embeddable":true,"href":"https:\/\/www.lavedetterestaurant.com\/es\/wp-json\/wp\/v2\/users\/1"}],"replies":[{"embeddable":true,"href":"https:\/\/www.lavedetterestaurant.com\/es\/wp-json\/wp\/v2\/comments?post=13867"}],"version-history":[{"count":1,"href":"https:\/\/www.lavedetterestaurant.com\/es\/wp-json\/wp\/v2\/posts\/13867\/revisions"}],"predecessor-version":[{"id":13869,"href":"https:\/\/www.lavedetterestaurant.com\/es\/wp-json\/wp\/v2\/posts\/13867\/revisions\/13869"}],"wp:featuredmedia":[{"embeddable":true,"href":"https:\/\/www.lavedetterestaurant.com\/es\/wp-json\/wp\/v2\/media\/13868"}],"wp:attachment":[{"href":"https:\/\/www.lavedetterestaurant.com\/es\/wp-json\/wp\/v2\/media?parent=13867"}],"wp:term":[{"taxonomy":"category","embeddable":true,"href":"https:\/\/www.lavedetterestaurant.com\/es\/wp-json\/wp\/v2\/categories?post=13867"},{"taxonomy":"post_tag","embeddable":true,"href":"https:\/\/www.lavedetterestaurant.com\/es\/wp-json\/wp\/v2\/tags?post=13867"}],"curies":[{"name":"wp","href":"https:\/\/api.w.org\/{rel}","templated":true}]}}