{"id":13838,"date":"2023-09-26T12:47:19","date_gmt":"2023-09-26T10:47:19","guid":{"rendered":"https:\/\/www.lavedetterestaurant.com\/?p=13838"},"modified":"2023-12-13T13:46:19","modified_gmt":"2023-12-13T12:46:19","slug":"farina-de-sarrai-propietats-i-beneficis-per-a-la-salut","status":"publish","type":"post","link":"https:\/\/www.lavedetterestaurant.com\/es\/farina-de-sarrai-propietats-i-beneficis-per-a-la-salut\/","title":{"rendered":"Harina de trigo sarraceno: Propiedades y beneficios para la salud"},"content":{"rendered":"<p class=\"p2\"><span class=\"s1\">En La Vedette, nos comprometemos a ofrecer a nuestros clientes una experiencia gastron\u00f3mica excepcional, raz\u00f3n por la cual utilizamos harina de trigo sarraceno de la m\u00e1s alta calidad como ingrediente base en nuestras crepes bretonas. Esta elecci\u00f3n no solo <em>mejora el sabor y la textura de nuestras crepes, sino que tambi\u00e9n aporta una gran cantidad de propiedades y beneficios para la salud<\/em>En este art\u00edculo, exploraremos a fondo la harina de trigo sarraceno, destacando sus caracter\u00edsticas.<\/span><\/p>\n<h1 class=\"p2\"><span class=\"s1\"><b>Propiedades de la harina de trigo sarraceno<\/b><\/span><\/h1>\n<p class=\"p2\"><span class=\"s1\">La harina de trigo sarraceno, elaborada a partir del trigo sarraceno, un tipo de grano antiguo, es una opci\u00f3n alimentaria cada vez m\u00e1s popular en el mundo de la nutrici\u00f3n. Sus propiedades la convierten en una opci\u00f3n atractiva tanto para los amantes de la cocina como para aquellos que buscan una alimentaci\u00f3n m\u00e1s saludable:<\/span><\/p>\n<p class=\"p2\"><span class=\"s1\"><b>Bajo contenido de gluten<\/b>: La harina de trigo sarraceno tiene un contenido de gluten mucho m\u00e1s bajo que la harina de ma\u00edz, lo que la hace m\u00e1s digestible para aquellos que padecen intolerancia al gluten o enfermedad cel\u00edaca.<\/span><\/p>\n<p class=\"p2\"><span class=\"s1\"><b>Rica en nutrientes<\/b>: Esta harina contiene importantes nutrientes como vitaminas del grupo B, hierro, f\u00f3sforo y manganeso, que son esenciales para el buen funcionamiento del cuerpo.<\/span><\/p>\n<p class=\"p2\"><span class=\"s1\"><b>Alta en fibra<\/b>: La harina de trigo sarraceno es una fuente rica en fibra, lo que puede ayudar a mejorar la digesti\u00f3n y mantener niveles de az\u00facar en sangre m\u00e1s estables.<\/span><\/p>\n<p class=\"p2\"><span class=\"s1\"><b>Textura y sabor \u00fanico<\/b>: La harina de trigo sarraceno aporta una textura delicada y un sabor ligeramente dulce a las crepes, haci\u00e9ndolas irresistibles.<\/span><\/p>\n<h2 class=\"p2\"><span class=\"s1\"><b>Beneficios para la salud<\/b><\/span><\/h2>\n<p class=\"p2\"><span class=\"s1\">El uso de harina de trigo sarraceno de calidad en La Vedette no solo mejora nuestros platos, sino que tambi\u00e9n beneficia la salud de nuestros clientes:<\/span><\/p>\n<p class=\"p2\"><span class=\"s1\"><b>1. Facilita la digesti\u00f3n<\/b>: Gracias al bajo contenido de gluten y a la fibra que contiene, las crepes elaboradas con harina de trigo sarraceno son m\u00e1s f\u00e1ciles de digerir y pueden ser una opci\u00f3n m\u00e1s ligera para aquellos con problemas digestivos.<\/span><\/p>\n<p class=\"p2\"><span class=\"s1\"><b>2. Contribuye al control de peso<\/b>: La fibra ayuda a aumentar la sensaci\u00f3n de saciedad, lo que puede ayudar a controlar la ingesta de calor\u00edas y promover una p\u00e9rdida de peso saludable.<\/span><\/p>\n<p class=\"p2\"><span class=\"s1\"><b>3. Aporta nutrientes esenciales<\/b>: La harina de trigo sarraceno es una fuente de importantes nutrientes que el cuerpo necesita para funcionar correctamente, como las vitaminas del grupo B y el hierro.<\/span><\/p>\n<h3 class=\"p2\"><span class=\"s1\"><b>Elecci\u00f3n de calidad en La Vedette<\/b><\/span><\/h3>\n<p class=\"p2\"><span class=\"s1\">En La Vedette, no solo nos preocupamos por ofrecer un sabor excepcional, sino tambi\u00e9n por elegir los mejores ingredientes para la salud de nuestros clientes. Por eso <strong>seleccionamos meticulosamente la mejor harina de trigo sarraceno disponible en el mercado<\/strong> para nuestras crepes. El resultado es una fusi\u00f3n de tradici\u00f3n bretona y calidad superior que se puede saborear en cada bocado.<\/span><\/p>\n<p class=\"p2\"><span class=\"s1\">Te invitamos a visitarnos y \u00a1descubrir nuestras crepes \u00fanicas! Preparadas con la mejor harina de trigo sarraceno, para una experiencia gastron\u00f3mica que satisfar\u00e1 tu paladar y cuidar\u00e1 de tu salud. Ven a La Vedette y disfruta de los aut\u00e9nticos sabores de Breta\u00f1a en Girona.<\/span><\/p>","protected":false},"excerpt":{"rendered":"<p>A La Vedette, estem compromesos a oferir als nostres clients una experi\u00e8ncia gastron\u00f2mica excepcional, \u00e9s per aix\u00f2 que utilitzem farina de sarra\u00ed de la millor qualitat com a ingredient base en les nostres crepes bretones. Aquesta elecci\u00f3 no nom\u00e9s millora el sabor i la textura de les nostres crepes, sin\u00f3 que tamb\u00e9 aporta un gran [&hellip;]<\/p>\n","protected":false},"author":1,"featured_media":13839,"comment_status":"open","ping_status":"open","sticky":false,"template":"","format":"standard","meta":{"footnotes":""},"categories":[1],"tags":[],"class_list":["post-13838","post","type-post","status-publish","format-standard","has-post-thumbnail","hentry","category-uncategorized"],"yoast_head":"<!-- This site is optimized with the Yoast SEO Premium plugin v21.5 (Yoast SEO v27.2) - https:\/\/yoast.com\/product\/yoast-seo-premium-wordpress\/ -->\n<title>Farina de sarra\u00ed: Propietats i beneficis per a la salut - La Vedette<\/title>\n<meta name=\"robots\" content=\"index, follow, max-snippet:-1, max-image-preview:large, max-video-preview:-1\" \/>\n<link rel=\"canonical\" href=\"https:\/\/www.lavedetterestaurant.com\/es\/farina-de-sarrai-propietats-i-beneficis-per-a-la-salut\/\" \/>\n<meta property=\"og:locale\" content=\"es_ES\" \/>\n<meta property=\"og:type\" content=\"article\" \/>\n<meta property=\"og:title\" content=\"Farina de sarra\u00ed: Propietats i beneficis per a la salut\" \/>\n<meta property=\"og:description\" content=\"A La Vedette, estem compromesos a oferir als nostres clients una experi\u00e8ncia gastron\u00f2mica excepcional, \u00e9s per aix\u00f2 que utilitzem farina de sarra\u00ed de la millor qualitat com a ingredient base en les nostres crepes bretones. Aquesta elecci\u00f3 no nom\u00e9s millora el sabor i la textura de les nostres crepes, sin\u00f3 que tamb\u00e9 aporta un gran [&hellip;]\" \/>\n<meta property=\"og:url\" content=\"https:\/\/www.lavedetterestaurant.com\/es\/farina-de-sarrai-propietats-i-beneficis-per-a-la-salut\/\" \/>\n<meta property=\"og:site_name\" content=\"La Vedette\" \/>\n<meta property=\"article:publisher\" content=\"https:\/\/www.instagram.com\/lavedette00\/\" \/>\n<meta property=\"article:published_time\" content=\"2023-09-26T10:47:19+00:00\" \/>\n<meta property=\"article:modified_time\" content=\"2023-12-13T12:46:19+00:00\" \/>\n<meta property=\"og:image\" content=\"https:\/\/www.lavedetterestaurant.com\/wp-content\/uploads\/2023\/09\/PORTADA-VEDETTE.jpg\" \/>\n\t<meta property=\"og:image:width\" content=\"1150\" \/>\n\t<meta property=\"og:image:height\" content=\"550\" \/>\n\t<meta property=\"og:image:type\" content=\"image\/jpeg\" \/>\n<meta name=\"author\" content=\"admin\" \/>\n<meta name=\"twitter:card\" content=\"summary_large_image\" \/>\n<meta name=\"twitter:label1\" content=\"Escrito por\" \/>\n\t<meta name=\"twitter:data1\" content=\"admin\" \/>\n\t<meta name=\"twitter:label2\" content=\"Tiempo de lectura\" \/>\n\t<meta name=\"twitter:data2\" content=\"3 minutos\" \/>\n<script type=\"application\/ld+json\" class=\"yoast-schema-graph\">{\"@context\":\"https:\/\/schema.org\",\"@graph\":[{\"@type\":\"Article\",\"@id\":\"https:\/\/www.lavedetterestaurant.com\/farina-de-sarrai-propietats-i-beneficis-per-a-la-salut\/#article\",\"isPartOf\":{\"@id\":\"https:\/\/www.lavedetterestaurant.com\/farina-de-sarrai-propietats-i-beneficis-per-a-la-salut\/\"},\"author\":{\"name\":\"admin\",\"@id\":\"https:\/\/www.lavedetterestaurant.com\/#\/schema\/person\/9fdb6ae7384234bfdf26c5ef6bfed5e8\"},\"headline\":\"Farina de sarra\u00ed: Propietats i beneficis per a la salut\",\"datePublished\":\"2023-09-26T10:47:19+00:00\",\"dateModified\":\"2023-12-13T12:46:19+00:00\",\"mainEntityOfPage\":{\"@id\":\"https:\/\/www.lavedetterestaurant.com\/farina-de-sarrai-propietats-i-beneficis-per-a-la-salut\/\"},\"wordCount\":542,\"commentCount\":0,\"publisher\":{\"@id\":\"https:\/\/www.lavedetterestaurant.com\/#organization\"},\"image\":{\"@id\":\"https:\/\/www.lavedetterestaurant.com\/farina-de-sarrai-propietats-i-beneficis-per-a-la-salut\/#primaryimage\"},\"thumbnailUrl\":\"https:\/\/www.lavedetterestaurant.com\/wp-content\/uploads\/2023\/09\/PORTADA-VEDETTE.jpg\",\"articleSection\":[\"Uncategorized\"],\"inLanguage\":\"es\",\"potentialAction\":[{\"@type\":\"CommentAction\",\"name\":\"Comment\",\"target\":[\"https:\/\/www.lavedetterestaurant.com\/farina-de-sarrai-propietats-i-beneficis-per-a-la-salut\/#respond\"]}]},{\"@type\":\"WebPage\",\"@id\":\"https:\/\/www.lavedetterestaurant.com\/farina-de-sarrai-propietats-i-beneficis-per-a-la-salut\/\",\"url\":\"https:\/\/www.lavedetterestaurant.com\/farina-de-sarrai-propietats-i-beneficis-per-a-la-salut\/\",\"name\":\"Farina de sarra\u00ed: Propietats i beneficis per a la salut - La Vedette\",\"isPartOf\":{\"@id\":\"https:\/\/www.lavedetterestaurant.com\/#website\"},\"primaryImageOfPage\":{\"@id\":\"https:\/\/www.lavedetterestaurant.com\/farina-de-sarrai-propietats-i-beneficis-per-a-la-salut\/#primaryimage\"},\"image\":{\"@id\":\"https:\/\/www.lavedetterestaurant.com\/farina-de-sarrai-propietats-i-beneficis-per-a-la-salut\/#primaryimage\"},\"thumbnailUrl\":\"https:\/\/www.lavedetterestaurant.com\/wp-content\/uploads\/2023\/09\/PORTADA-VEDETTE.jpg\",\"datePublished\":\"2023-09-26T10:47:19+00:00\",\"dateModified\":\"2023-12-13T12:46:19+00:00\",\"breadcrumb\":{\"@id\":\"https:\/\/www.lavedetterestaurant.com\/farina-de-sarrai-propietats-i-beneficis-per-a-la-salut\/#breadcrumb\"},\"inLanguage\":\"es\",\"potentialAction\":[{\"@type\":\"ReadAction\",\"target\":[\"https:\/\/www.lavedetterestaurant.com\/farina-de-sarrai-propietats-i-beneficis-per-a-la-salut\/\"]}]},{\"@type\":\"ImageObject\",\"inLanguage\":\"es\",\"@id\":\"https:\/\/www.lavedetterestaurant.com\/farina-de-sarrai-propietats-i-beneficis-per-a-la-salut\/#primaryimage\",\"url\":\"https:\/\/www.lavedetterestaurant.com\/wp-content\/uploads\/2023\/09\/PORTADA-VEDETTE.jpg\",\"contentUrl\":\"https:\/\/www.lavedetterestaurant.com\/wp-content\/uploads\/2023\/09\/PORTADA-VEDETTE.jpg\",\"width\":1150,\"height\":550},{\"@type\":\"BreadcrumbList\",\"@id\":\"https:\/\/www.lavedetterestaurant.com\/farina-de-sarrai-propietats-i-beneficis-per-a-la-salut\/#breadcrumb\",\"itemListElement\":[{\"@type\":\"ListItem\",\"position\":1,\"name\":\"Home\",\"item\":\"https:\/\/www.lavedetterestaurant.com\/\"},{\"@type\":\"ListItem\",\"position\":2,\"name\":\"Farina de sarra\u00ed: Propietats i beneficis per a la salut\"}]},{\"@type\":\"WebSite\",\"@id\":\"https:\/\/www.lavedetterestaurant.com\/#website\",\"url\":\"https:\/\/www.lavedetterestaurant.com\/\",\"name\":\"La Vedette\",\"description\":\"Restaurant Cr\u00eaperie Bretonne La Vedette\",\"publisher\":{\"@id\":\"https:\/\/www.lavedetterestaurant.com\/#organization\"},\"potentialAction\":[{\"@type\":\"SearchAction\",\"target\":{\"@type\":\"EntryPoint\",\"urlTemplate\":\"https:\/\/www.lavedetterestaurant.com\/?s={search_term_string}\"},\"query-input\":{\"@type\":\"PropertyValueSpecification\",\"valueRequired\":true,\"valueName\":\"search_term_string\"}}],\"inLanguage\":\"es\"},{\"@type\":\"Organization\",\"@id\":\"https:\/\/www.lavedetterestaurant.com\/#organization\",\"name\":\"Restaurant Cr\u00eaperie Bretonne La Vedette\",\"url\":\"https:\/\/www.lavedetterestaurant.com\/\",\"logo\":{\"@type\":\"ImageObject\",\"inLanguage\":\"es\",\"@id\":\"https:\/\/www.lavedetterestaurant.com\/#\/schema\/logo\/image\/\",\"url\":\"https:\/\/www.lavedetterestaurant.com\/wp-content\/uploads\/2022\/01\/LOGO.png\",\"contentUrl\":\"https:\/\/www.lavedetterestaurant.com\/wp-content\/uploads\/2022\/01\/LOGO.png\",\"width\":250,\"height\":158,\"caption\":\"Restaurant Cr\u00eaperie Bretonne La Vedette\"},\"image\":{\"@id\":\"https:\/\/www.lavedetterestaurant.com\/#\/schema\/logo\/image\/\"},\"sameAs\":[\"https:\/\/www.instagram.com\/lavedette00\/\"]},{\"@type\":\"Person\",\"@id\":\"https:\/\/www.lavedetterestaurant.com\/#\/schema\/person\/9fdb6ae7384234bfdf26c5ef6bfed5e8\",\"name\":\"admin\",\"image\":{\"@type\":\"ImageObject\",\"inLanguage\":\"es\",\"@id\":\"https:\/\/secure.gravatar.com\/avatar\/83e3101f97fc71dc886e0b903e409472d7dca863641d163adef01381593450c8?s=96&d=mm&r=g\",\"url\":\"https:\/\/secure.gravatar.com\/avatar\/83e3101f97fc71dc886e0b903e409472d7dca863641d163adef01381593450c8?s=96&d=mm&r=g\",\"contentUrl\":\"https:\/\/secure.gravatar.com\/avatar\/83e3101f97fc71dc886e0b903e409472d7dca863641d163adef01381593450c8?s=96&d=mm&r=g\",\"caption\":\"admin\"},\"sameAs\":[\"https:\/\/www.lavedetterestaurant.com\"],\"url\":\"https:\/\/www.lavedetterestaurant.com\/es\/author\/frame_r3g2tq4d\/\"}]}<\/script>\n<!-- \/ Yoast SEO Premium plugin. -->","yoast_head_json":{"title":"Farina de sarra\u00ed: Propietats i beneficis per a la salut - La Vedette","robots":{"index":"index","follow":"follow","max-snippet":"max-snippet:-1","max-image-preview":"max-image-preview:large","max-video-preview":"max-video-preview:-1"},"canonical":"https:\/\/www.lavedetterestaurant.com\/es\/farina-de-sarrai-propietats-i-beneficis-per-a-la-salut\/","og_locale":"es_ES","og_type":"article","og_title":"Farina de sarra\u00ed: Propietats i beneficis per a la salut","og_description":"A La Vedette, estem compromesos a oferir als nostres clients una experi\u00e8ncia gastron\u00f2mica excepcional, \u00e9s per aix\u00f2 que utilitzem farina de sarra\u00ed de la millor qualitat com a ingredient base en les nostres crepes bretones. Aquesta elecci\u00f3 no nom\u00e9s millora el sabor i la textura de les nostres crepes, sin\u00f3 que tamb\u00e9 aporta un gran [&hellip;]","og_url":"https:\/\/www.lavedetterestaurant.com\/es\/farina-de-sarrai-propietats-i-beneficis-per-a-la-salut\/","og_site_name":"La Vedette","article_publisher":"https:\/\/www.instagram.com\/lavedette00\/","article_published_time":"2023-09-26T10:47:19+00:00","article_modified_time":"2023-12-13T12:46:19+00:00","og_image":[{"width":1150,"height":550,"url":"https:\/\/www.lavedetterestaurant.com\/wp-content\/uploads\/2023\/09\/PORTADA-VEDETTE.jpg","type":"image\/jpeg"}],"author":"admin","twitter_card":"summary_large_image","twitter_misc":{"Escrito por":"admin","Tiempo de lectura":"3 minutos"},"schema":{"@context":"https:\/\/schema.org","@graph":[{"@type":"Article","@id":"https:\/\/www.lavedetterestaurant.com\/farina-de-sarrai-propietats-i-beneficis-per-a-la-salut\/#article","isPartOf":{"@id":"https:\/\/www.lavedetterestaurant.com\/farina-de-sarrai-propietats-i-beneficis-per-a-la-salut\/"},"author":{"name":"admin","@id":"https:\/\/www.lavedetterestaurant.com\/#\/schema\/person\/9fdb6ae7384234bfdf26c5ef6bfed5e8"},"headline":"Farina de sarra\u00ed: Propietats i beneficis per a la salut","datePublished":"2023-09-26T10:47:19+00:00","dateModified":"2023-12-13T12:46:19+00:00","mainEntityOfPage":{"@id":"https:\/\/www.lavedetterestaurant.com\/farina-de-sarrai-propietats-i-beneficis-per-a-la-salut\/"},"wordCount":542,"commentCount":0,"publisher":{"@id":"https:\/\/www.lavedetterestaurant.com\/#organization"},"image":{"@id":"https:\/\/www.lavedetterestaurant.com\/farina-de-sarrai-propietats-i-beneficis-per-a-la-salut\/#primaryimage"},"thumbnailUrl":"https:\/\/www.lavedetterestaurant.com\/wp-content\/uploads\/2023\/09\/PORTADA-VEDETTE.jpg","articleSection":["Uncategorized"],"inLanguage":"es","potentialAction":[{"@type":"CommentAction","name":"Comment","target":["https:\/\/www.lavedetterestaurant.com\/farina-de-sarrai-propietats-i-beneficis-per-a-la-salut\/#respond"]}]},{"@type":"WebPage","@id":"https:\/\/www.lavedetterestaurant.com\/farina-de-sarrai-propietats-i-beneficis-per-a-la-salut\/","url":"https:\/\/www.lavedetterestaurant.com\/farina-de-sarrai-propietats-i-beneficis-per-a-la-salut\/","name":"Farina de sarra\u00ed: Propietats i beneficis per a la salut - La Vedette","isPartOf":{"@id":"https:\/\/www.lavedetterestaurant.com\/#website"},"primaryImageOfPage":{"@id":"https:\/\/www.lavedetterestaurant.com\/farina-de-sarrai-propietats-i-beneficis-per-a-la-salut\/#primaryimage"},"image":{"@id":"https:\/\/www.lavedetterestaurant.com\/farina-de-sarrai-propietats-i-beneficis-per-a-la-salut\/#primaryimage"},"thumbnailUrl":"https:\/\/www.lavedetterestaurant.com\/wp-content\/uploads\/2023\/09\/PORTADA-VEDETTE.jpg","datePublished":"2023-09-26T10:47:19+00:00","dateModified":"2023-12-13T12:46:19+00:00","breadcrumb":{"@id":"https:\/\/www.lavedetterestaurant.com\/farina-de-sarrai-propietats-i-beneficis-per-a-la-salut\/#breadcrumb"},"inLanguage":"es","potentialAction":[{"@type":"ReadAction","target":["https:\/\/www.lavedetterestaurant.com\/farina-de-sarrai-propietats-i-beneficis-per-a-la-salut\/"]}]},{"@type":"ImageObject","inLanguage":"es","@id":"https:\/\/www.lavedetterestaurant.com\/farina-de-sarrai-propietats-i-beneficis-per-a-la-salut\/#primaryimage","url":"https:\/\/www.lavedetterestaurant.com\/wp-content\/uploads\/2023\/09\/PORTADA-VEDETTE.jpg","contentUrl":"https:\/\/www.lavedetterestaurant.com\/wp-content\/uploads\/2023\/09\/PORTADA-VEDETTE.jpg","width":1150,"height":550},{"@type":"BreadcrumbList","@id":"https:\/\/www.lavedetterestaurant.com\/farina-de-sarrai-propietats-i-beneficis-per-a-la-salut\/#breadcrumb","itemListElement":[{"@type":"ListItem","position":1,"name":"Home","item":"https:\/\/www.lavedetterestaurant.com\/"},{"@type":"ListItem","position":2,"name":"Farina de sarra\u00ed: Propietats i beneficis per a la salut"}]},{"@type":"WebSite","@id":"https:\/\/www.lavedetterestaurant.com\/#website","url":"https:\/\/www.lavedetterestaurant.com\/","name":"La Vedette","description":"Restaurant Cr\u00eaperie Bretonne La Vedette","publisher":{"@id":"https:\/\/www.lavedetterestaurant.com\/#organization"},"potentialAction":[{"@type":"SearchAction","target":{"@type":"EntryPoint","urlTemplate":"https:\/\/www.lavedetterestaurant.com\/?s={search_term_string}"},"query-input":{"@type":"PropertyValueSpecification","valueRequired":true,"valueName":"search_term_string"}}],"inLanguage":"es"},{"@type":"Organization","@id":"https:\/\/www.lavedetterestaurant.com\/#organization","name":"Restaurant Cr\u00eaperie Bretonne La Vedette","url":"https:\/\/www.lavedetterestaurant.com\/","logo":{"@type":"ImageObject","inLanguage":"es","@id":"https:\/\/www.lavedetterestaurant.com\/#\/schema\/logo\/image\/","url":"https:\/\/www.lavedetterestaurant.com\/wp-content\/uploads\/2022\/01\/LOGO.png","contentUrl":"https:\/\/www.lavedetterestaurant.com\/wp-content\/uploads\/2022\/01\/LOGO.png","width":250,"height":158,"caption":"Restaurant Cr\u00eaperie Bretonne La Vedette"},"image":{"@id":"https:\/\/www.lavedetterestaurant.com\/#\/schema\/logo\/image\/"},"sameAs":["https:\/\/www.instagram.com\/lavedette00\/"]},{"@type":"Person","@id":"https:\/\/www.lavedetterestaurant.com\/#\/schema\/person\/9fdb6ae7384234bfdf26c5ef6bfed5e8","name":"admin","image":{"@type":"ImageObject","inLanguage":"es","@id":"https:\/\/secure.gravatar.com\/avatar\/83e3101f97fc71dc886e0b903e409472d7dca863641d163adef01381593450c8?s=96&d=mm&r=g","url":"https:\/\/secure.gravatar.com\/avatar\/83e3101f97fc71dc886e0b903e409472d7dca863641d163adef01381593450c8?s=96&d=mm&r=g","contentUrl":"https:\/\/secure.gravatar.com\/avatar\/83e3101f97fc71dc886e0b903e409472d7dca863641d163adef01381593450c8?s=96&d=mm&r=g","caption":"admin"},"sameAs":["https:\/\/www.lavedetterestaurant.com"],"url":"https:\/\/www.lavedetterestaurant.com\/es\/author\/frame_r3g2tq4d\/"}]}},"_links":{"self":[{"href":"https:\/\/www.lavedetterestaurant.com\/es\/wp-json\/wp\/v2\/posts\/13838","targetHints":{"allow":["GET"]}}],"collection":[{"href":"https:\/\/www.lavedetterestaurant.com\/es\/wp-json\/wp\/v2\/posts"}],"about":[{"href":"https:\/\/www.lavedetterestaurant.com\/es\/wp-json\/wp\/v2\/types\/post"}],"author":[{"embeddable":true,"href":"https:\/\/www.lavedetterestaurant.com\/es\/wp-json\/wp\/v2\/users\/1"}],"replies":[{"embeddable":true,"href":"https:\/\/www.lavedetterestaurant.com\/es\/wp-json\/wp\/v2\/comments?post=13838"}],"version-history":[{"count":3,"href":"https:\/\/www.lavedetterestaurant.com\/es\/wp-json\/wp\/v2\/posts\/13838\/revisions"}],"predecessor-version":[{"id":13856,"href":"https:\/\/www.lavedetterestaurant.com\/es\/wp-json\/wp\/v2\/posts\/13838\/revisions\/13856"}],"wp:featuredmedia":[{"embeddable":true,"href":"https:\/\/www.lavedetterestaurant.com\/es\/wp-json\/wp\/v2\/media\/13839"}],"wp:attachment":[{"href":"https:\/\/www.lavedetterestaurant.com\/es\/wp-json\/wp\/v2\/media?parent=13838"}],"wp:term":[{"taxonomy":"category","embeddable":true,"href":"https:\/\/www.lavedetterestaurant.com\/es\/wp-json\/wp\/v2\/categories?post=13838"},{"taxonomy":"post_tag","embeddable":true,"href":"https:\/\/www.lavedetterestaurant.com\/es\/wp-json\/wp\/v2\/tags?post=13838"}],"curies":[{"name":"wp","href":"https:\/\/api.w.org\/{rel}","templated":true}]}}